{"id":60856,"date":"2018-04-13T13:59:59","date_gmt":"2018-04-13T13:59:59","guid":{"rendered":"http:\/\/plazajuarez.mx\/index\/index.php\/2018\/04\/13\/comunidad-cultural-lamenta-la-muerte-de-sergio-pitol-2\/"},"modified":"2018-04-13T13:59:59","modified_gmt":"2018-04-13T13:59:59","slug":"comunidad-cultural-lamenta-la-muerte-de-sergio-pitol-2","status":"publish","type":"post","link":"https:\/\/plazajuarez.mx\/historico\/comunidad-cultural-lamenta-la-muerte-de-sergio-pitol-2\/","title":{"rendered":"Comunidad cultural lamenta la muerte de Sergio Pitol"},"content":{"rendered":"<p>A trav\u00e9s de las redes sociales diversas personalidades de la comunidad cultural han expresado su tristeza ante dicho acontecimiento<\/p>\n<p>  <!--more-->  <\/p>\n<p>El escritor mexicano Sergio Pitol muere a la edad de 85 a\u00f1os, inform\u00f3 su primo Luis Demeneghi.<br \/>A trav\u00e9s de las redes sociales diversas personalidades de la comunidad cultural han expresado su tristeza ante dicho acontecimiento, ya que la mayor\u00eda coincid\u00edan que era una figura irremplazable para M\u00e9xico.<br \/>La secretaria de Cultura federal, Mar\u00eda Cristina Garc\u00eda Cepeda, escribi\u00f3 en Twitter:<br \/>&#8220;Lamentamos la partida de Sergio Pitol. Celebramos su vida y su legado literario, en el cual aport\u00f3 a las letras universales una obra narrativa original, traducciones y ensayos que perdurar\u00e1n a trav\u00e9s de los a\u00f1os. Mis condolencias a sus familiares, amigos y a la comunidad cultural&#8221;.<br \/>Lidia Camacho, titular del Instituto Nacional de Bellas Artes, lament\u00f3 la muerte del narrador de &#8220;estricta prosa&#8221;: <br \/>&#8220;Narrador de estricta prosa, traductor impecable, ser humano generoso, el maestro Sergio Pitol es una figura central de nuestra literatura. Descanse en paz y abramos, otra vez, sus libros, que tanto nos descubrieron&#8221;.<br \/>Jorge Volpi se uni\u00f3 a las lamentaciones por la p\u00e9rdida del escritor.<br \/>Consuelo S\u00e1izar lo recuerda como el amigo de Carlos Monsiv\u00e1is y Jos\u00e9 Emilio Pacheco.<br \/>&#8220;Adi\u00f3s, Sergio Pitol.<br \/>Ya estar\u00e1s de nuevo comentando lecturas y riendo a carcajadas con Carlos Monsiv\u00e1is y Jos\u00e9 Emilio Pacheco, con los que formaste una amistad literaria irrepetible.<br \/>Las abrazo, @Margo_Glantz @Eponiatowska #JorgeHerralde&#8221;.<br \/>Ra\u00fal Padilla lament\u00f3 &#8220;la p\u00e9rdida de uno de los grandes escritores que m\u00e1s conoc\u00eda de la idiosincrasia mexicana&#8221;<br \/>El escritor Fabrizio Mej\u00eda coment\u00f3 que con su muerte &#8220;se cierra un ciclo&#8221;.<br \/>La escritora y periodista Guadalupe Loaeza escribi\u00f3 en Twitter: &#8220;Siempre lo recordaremos como uno de los grandes de las letras mexicanas&#8221;.<br \/>El director del Fondo de Cultura Econ\u00f3mica, Jos\u00e9 Carre\u00f1o escribi\u00f3 que Pitol dej\u00f3 un legado inmenso.<br \/>Miguel \u00c1ngel Mancera coment\u00f3 que con la muerte de Pitol &#8220;las letras mexicanas pierden hoy un referente&#8221;.<\/p>\n","protected":false},"excerpt":{"rendered":"<p>A trav\u00e9s de las redes sociales diversas personalidades de la comunidad cultural han expresado su tristeza ante dicho acontecimiento<\/p>\n","protected":false},"author":93,"featured_media":0,"comment_status":"open","ping_status":"open","sticky":false,"template":"","format":"standard","meta":{"footnotes":""},"categories":[41],"tags":[],"class_list":["post-60856","post","type-post","status-publish","format-standard","hentry","category-arteria-cultural"],"_links":{"self":[{"href":"https:\/\/plazajuarez.mx\/historico\/wp-json\/wp\/v2\/posts\/60856","targetHints":{"allow":["GET"]}}],"collection":[{"href":"https:\/\/plazajuarez.mx\/historico\/wp-json\/wp\/v2\/posts"}],"about":[{"href":"https:\/\/plazajuarez.mx\/historico\/wp-json\/wp\/v2\/types\/post"}],"author":[{"embeddable":true,"href":"https:\/\/plazajuarez.mx\/historico\/wp-json\/wp\/v2\/users\/93"}],"replies":[{"embeddable":true,"href":"https:\/\/plazajuarez.mx\/historico\/wp-json\/wp\/v2\/comments?post=60856"}],"version-history":[{"count":0,"href":"https:\/\/plazajuarez.mx\/historico\/wp-json\/wp\/v2\/posts\/60856\/revisions"}],"wp:attachment":[{"href":"https:\/\/plazajuarez.mx\/historico\/wp-json\/wp\/v2\/media?parent=60856"}],"wp:term":[{"taxonomy":"category","embeddable":true,"href":"https:\/\/plazajuarez.mx\/historico\/wp-json\/wp\/v2\/categories?post=60856"},{"taxonomy":"post_tag","embeddable":true,"href":"https:\/\/plazajuarez.mx\/historico\/wp-json\/wp\/v2\/tags?post=60856"}],"curies":[{"name":"wp","href":"https:\/\/api.w.org\/{rel}","templated":true}]}}