{"id":59971,"date":"2018-04-02T04:47:16","date_gmt":"2018-04-02T04:47:16","guid":{"rendered":"http:\/\/plazajuarez.mx\/index\/index.php\/2018\/04\/02\/balacera-arroja-dos-muertos-en-puerto-penasco\/"},"modified":"2018-04-02T04:47:16","modified_gmt":"2018-04-02T04:47:16","slug":"balacera-arroja-dos-muertos-en-puerto-penasco","status":"publish","type":"post","link":"https:\/\/plazajuarez.mx\/historico\/balacera-arroja-dos-muertos-en-puerto-penasco\/","title":{"rendered":"BALACERA ARROJA DOS MUERTOS EN PUERTO PE\u00d1ASCO"},"content":{"rendered":"<p>EN SONORA<\/p>\n<p>  <!--more-->  <\/p>\n<p>Se inform\u00f3 que se lograron asegurar, un veh\u00edculo Dodge Charger 2014, tres armas cortas y un arma larga tipo AK 47<br \/>Autoridades Policiales dieron a conocer que se registr\u00f3 saldo de dos personas muertas y tres heridas, ello durante un enfrentamiento armado que tuvo lugar en el polo tur\u00edstico de Puerto Pe\u00f1asco, Sonora.<br \/>Tambi\u00e9n se detall\u00f3 que en los reportes policiacos se identificaron como v\u00edctimas a Ram\u00f3n &#8220;N&#8221; de 44 a\u00f1os de edad, originario de Huatulco, quien present\u00f3 6 heridas por arma de fuego en regi\u00f3n del rostro, t\u00f3rax anterior, y en ambas manos.<br \/>Adem\u00e1s de Gabriel &#8220;N&#8221;, de 40 a\u00f1os de edad, present\u00f3 heridas por arma de fuego en rostro, ambos brazos, t\u00f3rax, as\u00ed como en ambos pies; perdi\u00f3 la vida de forma instant\u00e1nea en el lugar de los hechos.<br \/>Las personas que resultaron heridas fueron identificadas como Iv\u00e1n Ernesto &#8220;N&#8221;, de 33 a\u00f1os, originario de Hermosillo; Lizat &#8220;N&#8221;, de 19 a\u00f1os de edad, originaria de Phoenix, Arizona y Jes\u00fas del Carmen &#8220;N&#8221;, de 48 a\u00f1os de edad, de Ciudad Obreg\u00f3n; las tres personas sufrieron lesiones que no ponen en riesgo su vida.<br \/>De acuerdo a un reporte de la Polic\u00eda Estatal de Seguridad P\u00fablica se inform\u00f3 que, en coordinaci\u00f3n con la Polic\u00eda Municipal, lograron el aseguramiento de un veh\u00edculo Dodge Charger 2014, tres armas cortas y un arma larga tipo AK 47 en las inmediaciones de la carretera que conduce de Puerto Pe\u00f1asco a Caborca.<br \/>El reporte que se emiti\u00f3 indica que los hechos se presentaron alrededor de las 03:30 horas cuando oficiales de la PESP, junto con Polic\u00eda Municipal, realizaban recorridos de prevenci\u00f3n y vigilancia, y al circular por las calles Ju\u00e1rez y Kino tuvieron a la vista un veh\u00edculo sed\u00e1n color blanco, que al notar la presencia de la autoridad aceler\u00f3 incluso pas\u00e1ndose un alto.<br \/>Las unidades iniciaron la persecuci\u00f3n del veh\u00edculo que tom\u00f3 camino por la carretera Puerto Pe\u00f1asco-Caborca; fue a la altura del kil\u00f3metro 17 aproximadamente donde los tripulantes del Dodge Charger 2014, que result\u00f3 con reporte de robo, descendieron del auto a fuerza de carrera para darse a la fuga intern\u00e1ndose en el monte dejando el veh\u00edculo en estado de abandono.<br \/>Al descender los elementos de la corporaci\u00f3n y proceder a inspeccionar el veh\u00edculo se percataron que en el interior se encontraban tres armas cortas tipo escuadra y un arma larga tipo AK47.<br \/>Finalmente se dijo que el veh\u00edculo y las armas fueron aseguradas de inmediato seg\u00fan marca el Protocolo Nacional Primer Respondiente, quedando a disposici\u00f3n del Ministerio P\u00fablico Federal y la Fiscal\u00eda para las averiguaciones e investigaci\u00f3n correspondientes y determinen si el veh\u00edculo y las armas tuvieron participaci\u00f3n en los hechos presentados en Puerto Pe\u00f1asco donde fallecieron dos personas.<\/p>\n","protected":false},"excerpt":{"rendered":"<p>EN SONORA<\/p>\n","protected":false},"author":93,"featured_media":0,"comment_status":"open","ping_status":"open","sticky":false,"template":"","format":"standard","meta":{"footnotes":""},"categories":[37],"tags":[],"class_list":["post-59971","post","type-post","status-publish","format-standard","hentry","category-barandilla"],"_links":{"self":[{"href":"https:\/\/plazajuarez.mx\/historico\/wp-json\/wp\/v2\/posts\/59971","targetHints":{"allow":["GET"]}}],"collection":[{"href":"https:\/\/plazajuarez.mx\/historico\/wp-json\/wp\/v2\/posts"}],"about":[{"href":"https:\/\/plazajuarez.mx\/historico\/wp-json\/wp\/v2\/types\/post"}],"author":[{"embeddable":true,"href":"https:\/\/plazajuarez.mx\/historico\/wp-json\/wp\/v2\/users\/93"}],"replies":[{"embeddable":true,"href":"https:\/\/plazajuarez.mx\/historico\/wp-json\/wp\/v2\/comments?post=59971"}],"version-history":[{"count":0,"href":"https:\/\/plazajuarez.mx\/historico\/wp-json\/wp\/v2\/posts\/59971\/revisions"}],"wp:attachment":[{"href":"https:\/\/plazajuarez.mx\/historico\/wp-json\/wp\/v2\/media?parent=59971"}],"wp:term":[{"taxonomy":"category","embeddable":true,"href":"https:\/\/plazajuarez.mx\/historico\/wp-json\/wp\/v2\/categories?post=59971"},{"taxonomy":"post_tag","embeddable":true,"href":"https:\/\/plazajuarez.mx\/historico\/wp-json\/wp\/v2\/tags?post=59971"}],"curies":[{"name":"wp","href":"https:\/\/api.w.org\/{rel}","templated":true}]}}