{"id":59968,"date":"2018-04-02T04:44:06","date_gmt":"2018-04-02T04:44:06","guid":{"rendered":"http:\/\/plazajuarez.mx\/index\/index.php\/2018\/04\/02\/futbol-nacional-1012\/"},"modified":"2018-04-02T04:44:06","modified_gmt":"2018-04-02T04:44:06","slug":"futbol-nacional-1012","status":"publish","type":"post","link":"https:\/\/plazajuarez.mx\/historico\/futbol-nacional-1012\/","title":{"rendered":"Futbol Nacional"},"content":{"rendered":"<p>VERACRUZ <br \/>Vestidor de los Tiburones, inservible tras incendio<br \/>\u00a0\u00a0 \u00a0\u2022\u00a0\u00a0 \u00a0Las primeras indagatorias revelan que una veladora pudo haber provocado la propagaci\u00f3n del fuego\u2028<\/p>\n<p>  <!--more-->  <\/p>\n<p>El vestidor de los Tiburones Rojos de Veracruz qued\u00f3 inservible debido a un incendio que ocurri\u00f3 la ma\u00f1ana del domingo en el estadio Luis de la Fuente.<\/p>\n<p>El vestuario, que fue remodelado a inicios de torneo, qued\u00f3 inservible por lo cual el equipo de los Tiburones se cambi\u00f3 en un gimnasio que se encuentra debajo de la tribuna de preferente. De igual forma, el vestidor de los \u00e1rbitros qued\u00f3 inhabilitado.<\/p>\n<p>De acuerdo con las autoridades, las primeras indagatorias revelan que una veladora pudo haber provocado la propagaci\u00f3n del fuego que hizo que se encendieran las alarmas del estadio, y la salida total de todo su personal.<\/p>\n<p>3\/4 del vestidor local, as\u00ed como indumentaria del equipo veracruzano, quedaron totalmente quemados. La vestimenta de los escualos, no habr\u00eda sufrido ning\u00fan tipo de da\u00f1o ya que a\u00fan se encontraba en la tintorer\u00eda, de cara al partido de ayer por la tarde ante Xolos de Tijuana, correspondiente a la fecha 13 de la Liga MX.<\/p>\n<p>El juego ante los Xolos de Tijuana se llev\u00f3 a cabo sin complicaciones.<\/p>\n<p>***************************<br \/>CRUZ AZUL <br \/>Justifica agresi\u00f3n de Jes\u00fas Corona<\/p>\n<p>Luego de que el s\u00e1bado Jos\u00e9 de Jes\u00fas Corona agrediera a un camar\u00f3grafo, la directiva de Cruz Azul, a trav\u00e9s de sus redes sociales, respald\u00f3 la actitud del guardameta mexicano.<\/p>\n<p>&#8220;Respecto al incidente que ocurri\u00f3 al final del cl\u00e1sico joven, aclaramos que no es la primera vez que ocurre algo parecido con esta persona, ya que anteriormente se dio un altercado con otro jugador. Apoyamos a Jes\u00fas Corona debido a la conducta reprobable del camar\u00f3grafo&#8221;, se\u00f1ala el Tweet de La M\u00e1quina.<\/p>\n<p>El acto sucedi\u00f3 al t\u00e9rmino del encuentro entre Am\u00e9rica y Cruz Azul que terminar\u00edan ganando las \u00c1guilas por marcador de 2-1. Ante la frustraci\u00f3n, Corona no aguant\u00f3 y agredi\u00f3 a un camar\u00f3grafo, quien grababa su salida de la cancha hacia vestidores.<\/p>\n<p>***************************<br \/>AM\u00c9RICA<br \/>Ojal\u00e1 se d\u00e9 la final contra Chivas: Ba\u00f1os<\/p>\n<p>\u00a0\u00a0 \u00a0\u2022\u00a0\u00a0 \u00a0Las \u00c1guilas vencieron venci\u00f3 2-1 a los cementeros en el Cl\u00e1sico Joven en el estadio Azteca\u2028<\/p>\n<p>El presidente deportivo del Am\u00e9rica, Santiago Ba\u00f1os, dice que &#8220;ojal\u00e1 se d\u00e9 la final contra Chivas&#8221; en la Liga de Campeones de Concacaf.<\/p>\n<p>Sin embargo, advierte que tanto Toronto como New York, sus respectivos rivales en semifinales, son &#8220;importantes en la MLS y no ser\u00e1n f\u00e1ciles&#8221;.<\/p>\n<p>Si ambos clubes mexicanos avanzan a la final, se dar\u00e1 un Cl\u00e1sico Nacional por el pase al Mundial de Clubes.<\/p>\n<p>Parte del pique<\/p>\n<p>Las declaraciones de Paul Aguilar en contra de Cruz Azul, &#8220;son parte del pique&#8221;, considera Ba\u00f1os. El lateral azulcrema expres\u00f3, el s\u00e1bado, que La M\u00e1quina &#8220;no es par\u00e1metro, sino son los que est\u00e1n arriba&#8221;. Am\u00e9rica venci\u00f3 2-1 a los cementeros en el Cl\u00e1sico Joven en el estadio Azteca.<\/p>\n","protected":false},"excerpt":{"rendered":"<p>VERACRUZ Vestidor de los Tiburones, inservible tras incendio\u00a0\u00a0 \u00a0\u2022\u00a0\u00a0 \u00a0Las primeras indagatorias revelan que una veladora pudo haber provocado la propagaci\u00f3n del fuego\u2028<\/p>\n","protected":false},"author":93,"featured_media":0,"comment_status":"open","ping_status":"open","sticky":false,"template":"","format":"standard","meta":{"footnotes":""},"categories":[39],"tags":[],"class_list":["post-59968","post","type-post","status-publish","format-standard","hentry","category-deportiva"],"_links":{"self":[{"href":"https:\/\/plazajuarez.mx\/historico\/wp-json\/wp\/v2\/posts\/59968","targetHints":{"allow":["GET"]}}],"collection":[{"href":"https:\/\/plazajuarez.mx\/historico\/wp-json\/wp\/v2\/posts"}],"about":[{"href":"https:\/\/plazajuarez.mx\/historico\/wp-json\/wp\/v2\/types\/post"}],"author":[{"embeddable":true,"href":"https:\/\/plazajuarez.mx\/historico\/wp-json\/wp\/v2\/users\/93"}],"replies":[{"embeddable":true,"href":"https:\/\/plazajuarez.mx\/historico\/wp-json\/wp\/v2\/comments?post=59968"}],"version-history":[{"count":0,"href":"https:\/\/plazajuarez.mx\/historico\/wp-json\/wp\/v2\/posts\/59968\/revisions"}],"wp:attachment":[{"href":"https:\/\/plazajuarez.mx\/historico\/wp-json\/wp\/v2\/media?parent=59968"}],"wp:term":[{"taxonomy":"category","embeddable":true,"href":"https:\/\/plazajuarez.mx\/historico\/wp-json\/wp\/v2\/categories?post=59968"},{"taxonomy":"post_tag","embeddable":true,"href":"https:\/\/plazajuarez.mx\/historico\/wp-json\/wp\/v2\/tags?post=59968"}],"curies":[{"name":"wp","href":"https:\/\/api.w.org\/{rel}","templated":true}]}}