{"id":5922,"date":"2015-06-01T05:00:00","date_gmt":"2015-06-01T05:00:00","guid":{"rendered":"http:\/\/plazajuarez.mx\/index\/index.php\/2015\/06\/01\/vida-de-bandolero-revolucionario-ira-a-cines\/"},"modified":"2015-06-01T05:00:00","modified_gmt":"2015-06-01T05:00:00","slug":"vida-de-bandolero-revolucionario-ira-a-cines","status":"publish","type":"post","link":"https:\/\/plazajuarez.mx\/historico\/vida-de-bandolero-revolucionario-ira-a-cines\/","title":{"rendered":"Vida de bandolero revolucionario ir\u00e1 a cines\u00a0\u00a0\u00a0\u00a0\u00a0\u00a0"},"content":{"rendered":"<p>Como pas\u00f3 mucho en las \u00e9pocas b\u00e9licas mexicanas, en el siglo XIX hubo un bandolero que tambi\u00e9n se convirti\u00f3 en insurgente. Se llamaba Manuel Lozada, era apodado El Tigre de Alica y existen varias estatuas con su figura en Tepic.<\/p>\n<p>  <!--more-->  <\/p>\n<p>\u00a0<\/p>\n<p>Su vida ser\u00eda llevada al cine por el realizador Nicol\u00e1s Echevarr\u00eda (Cabeza de Vaca y Vivir mata), quien tambi\u00e9n escribe el gui\u00f3n. \u201cFue un bandido que, al mismo tiempo se convierte en revolucionario y fue el padre de la independencia del Estado.<\/p>\n<p>\u201cSigo trabajando en el gui\u00f3n y ya empezar\u00e9 a moverlo con un productor; \u00e9l era un tipo medio mulato, as\u00ed que hay que buscar\u201d, explica el director.<\/p>\n<p>La leyenda cuenta que Lozada asesin\u00f3 a un militar por venganza, se refugi\u00f3 en la sierra de Alica, se convirti\u00f3 en h\u00e9roe, apoy\u00f3 a los franceses y fue fusilado. Tambi\u00e9n, al ser un nativo de la tribu cora, se le considera como iniciador del agrarismo.<\/p>\n<p>En la segunda semana de junio, el cineasta volver\u00e1 a la pantalla grande con el documental Eco de la monta\u00f1a.<\/p>\n<p>La producci\u00f3n, que lleva a cuestas siete premios en festivales como Guadalajara, Chicago y Lima, sigue al artista huichol Santos de la Torre en la hechura de un nuevo mural de chaquira. Saldr\u00e1 bajo el sello distribuidor de Cin\u00e9polis, de la cadena exhibidora en M\u00e9xico, en 15 salas.<\/p>\n<p>La semana pr\u00f3xima se proyectar\u00e1 en Ecuador y ya tiene invitaciones para festivales en Chile y San Francisco.<\/p>\n","protected":false},"excerpt":{"rendered":"<p>Como pas\u00f3 mucho en las \u00e9pocas b\u00e9licas mexicanas, en el siglo XIX hubo un bandolero que tambi\u00e9n se convirti\u00f3 en insurgente. Se llamaba Manuel Lozada, era apodado El Tigre de Alica y existen varias estatuas con su figura en Tepic.<\/p>\n","protected":false},"author":93,"featured_media":0,"comment_status":"open","ping_status":"open","sticky":false,"template":"","format":"standard","meta":{"footnotes":""},"categories":[41],"tags":[],"class_list":["post-5922","post","type-post","status-publish","format-standard","hentry","category-arteria-cultural"],"_links":{"self":[{"href":"https:\/\/plazajuarez.mx\/historico\/wp-json\/wp\/v2\/posts\/5922","targetHints":{"allow":["GET"]}}],"collection":[{"href":"https:\/\/plazajuarez.mx\/historico\/wp-json\/wp\/v2\/posts"}],"about":[{"href":"https:\/\/plazajuarez.mx\/historico\/wp-json\/wp\/v2\/types\/post"}],"author":[{"embeddable":true,"href":"https:\/\/plazajuarez.mx\/historico\/wp-json\/wp\/v2\/users\/93"}],"replies":[{"embeddable":true,"href":"https:\/\/plazajuarez.mx\/historico\/wp-json\/wp\/v2\/comments?post=5922"}],"version-history":[{"count":0,"href":"https:\/\/plazajuarez.mx\/historico\/wp-json\/wp\/v2\/posts\/5922\/revisions"}],"wp:attachment":[{"href":"https:\/\/plazajuarez.mx\/historico\/wp-json\/wp\/v2\/media?parent=5922"}],"wp:term":[{"taxonomy":"category","embeddable":true,"href":"https:\/\/plazajuarez.mx\/historico\/wp-json\/wp\/v2\/categories?post=5922"},{"taxonomy":"post_tag","embeddable":true,"href":"https:\/\/plazajuarez.mx\/historico\/wp-json\/wp\/v2\/tags?post=5922"}],"curies":[{"name":"wp","href":"https:\/\/api.w.org\/{rel}","templated":true}]}}