{"id":5921,"date":"2015-06-01T05:00:00","date_gmt":"2015-06-01T05:00:00","guid":{"rendered":"http:\/\/plazajuarez.mx\/index\/index.php\/2015\/06\/01\/molesta-con-televisa-por-censurar-a-su-novio\/"},"modified":"2015-06-01T05:00:00","modified_gmt":"2015-06-01T05:00:00","slug":"molesta-con-televisa-por-censurar-a-su-novio","status":"publish","type":"post","link":"https:\/\/plazajuarez.mx\/historico\/molesta-con-televisa-por-censurar-a-su-novio\/","title":{"rendered":"Molesta con Televisa por censurar a su novio\u00a0 \u00a0 \u00a0\u00a0"},"content":{"rendered":"<p>La actriz Aislinn Derbez consider\u00f3 anticuada y rid\u00edcula la decisi\u00f3n de Televisa de cortar de la imagen a su novio Mauricio Ochmann, quien pertenece a otra televisora, al transmitir la entrevista que les hicieron durante la alfombra roja de los Premios Ariel.<\/p>\n<p>  <!--more-->  <\/p>\n<p>\u00a0<\/p>\n<p>\u201cSimplemente lo expres\u00e9, ni siquiera por molestia, sino para que la gente se d\u00e9 cuenta porque me parece que es un tema bastante retr\u00f3grada.<\/p>\n<p>\u201cSiento que estamos en una \u00e9poca en la que este tipo de cosas no tendr\u00edan por qu\u00e9 suceder. Este es uno de mil ejemplos que suceden en cuanto a la libertad de expresi\u00f3n\u201d, dijo Derbez en entrevista.<\/p>\n<p>Al d\u00eda siguiente de la ceremonia, el programa Hoy transmiti\u00f3 la nota en la que la pareja habl\u00f3 de su primer a\u00f1o de relaci\u00f3n y su vida amorosa, pero en ning\u00fan momento aparece a cuadro el actor, quien labora para la cadena Telemundo.<\/p>\n<p>Horas m\u00e1s tarde, la actriz critic\u00f3 en Twitter la edici\u00f3n de las im\u00e1genes. \u201cQue Absurdo q @Televisa me entreviste junto con @MauOchmann y a \u00e9l le corten la cara x no ser de la empresa, q ridiculez y falta de respeto??\u201d, escribi\u00f3.<\/p>\n<p>La hija de Eugenio Derbez lament\u00f3 que este tipo de situaciones y rivalidades entre televisoras siga latente en el pa\u00eds, considerando que en las cadenas estadounidenses no pasa.<\/p>\n<p>Se\u00f1al\u00f3 que Televisa es la que m\u00e1s recurre a este tipo de veto. \u201cNinguna otra empresa de televisi\u00f3n (en M\u00e9xico) hace eso, es la \u00fanica, por eso mismo tambi\u00e9n lo puse. Todas las dem\u00e1s est\u00e1n mucho m\u00e1s abiertas en ese aspecto\u201d, explic\u00f3 la actriz en entrevista.<\/p>\n","protected":false},"excerpt":{"rendered":"<p>La actriz Aislinn Derbez consider\u00f3 anticuada y rid\u00edcula la decisi\u00f3n de Televisa de cortar de la imagen a su novio Mauricio Ochmann, quien pertenece a otra televisora, al transmitir la entrevista que les hicieron durante la alfombra roja de los Premios Ariel.<\/p>\n","protected":false},"author":93,"featured_media":0,"comment_status":"open","ping_status":"open","sticky":false,"template":"","format":"standard","meta":{"footnotes":""},"categories":[38],"tags":[],"class_list":["post-5921","post","type-post","status-publish","format-standard","hentry","category-show"],"_links":{"self":[{"href":"https:\/\/plazajuarez.mx\/historico\/wp-json\/wp\/v2\/posts\/5921","targetHints":{"allow":["GET"]}}],"collection":[{"href":"https:\/\/plazajuarez.mx\/historico\/wp-json\/wp\/v2\/posts"}],"about":[{"href":"https:\/\/plazajuarez.mx\/historico\/wp-json\/wp\/v2\/types\/post"}],"author":[{"embeddable":true,"href":"https:\/\/plazajuarez.mx\/historico\/wp-json\/wp\/v2\/users\/93"}],"replies":[{"embeddable":true,"href":"https:\/\/plazajuarez.mx\/historico\/wp-json\/wp\/v2\/comments?post=5921"}],"version-history":[{"count":0,"href":"https:\/\/plazajuarez.mx\/historico\/wp-json\/wp\/v2\/posts\/5921\/revisions"}],"wp:attachment":[{"href":"https:\/\/plazajuarez.mx\/historico\/wp-json\/wp\/v2\/media?parent=5921"}],"wp:term":[{"taxonomy":"category","embeddable":true,"href":"https:\/\/plazajuarez.mx\/historico\/wp-json\/wp\/v2\/categories?post=5921"},{"taxonomy":"post_tag","embeddable":true,"href":"https:\/\/plazajuarez.mx\/historico\/wp-json\/wp\/v2\/tags?post=5921"}],"curies":[{"name":"wp","href":"https:\/\/api.w.org\/{rel}","templated":true}]}}