{"id":59104,"date":"2018-03-17T15:14:09","date_gmt":"2018-03-17T15:14:09","guid":{"rendered":"http:\/\/plazajuarez.mx\/index\/index.php\/2018\/03\/17\/ayuntamiento-y-gobierno-estatal-firman-convenio-para-regularizar-predios\/"},"modified":"2018-03-17T15:14:09","modified_gmt":"2018-03-17T15:14:09","slug":"ayuntamiento-y-gobierno-estatal-firman-convenio-para-regularizar-predios","status":"publish","type":"post","link":"https:\/\/plazajuarez.mx\/historico\/ayuntamiento-y-gobierno-estatal-firman-convenio-para-regularizar-predios\/","title":{"rendered":"Ayuntamiento y Gobierno Estatal firman convenio para regularizar predios"},"content":{"rendered":"<p>\u00a0<\/p>\n<p>\u00a0<\/p>\n<p>El presidente municipal, Gabriel Garc\u00eda Rojas, y la directora del Programa de Regularizaci\u00f3n de la \u201cTenencia de la Tierra\u201d del gobierno del Estado, Stefany Monserrat Valencia Elizundia, firmaron un convenio de colaboraci\u00f3n con el objetivo de regularizar predios en la regi\u00f3n.<\/p>\n<p>  <!--more-->  <\/p>\n<p>El alcalde hizo un llamado a la ciudadan\u00eda para que trabajen en la regularizaci\u00f3n del mayor n\u00famero de predios, a fin de brindarle una mayor seguridad a su patrimonio.<\/p>\n<p>Se\u00f1al\u00f3 que este programa da respuesta a las demandas de la sociedad que exige mayores beneficios para su familia y para el municipio; ya que al regularizar el mayor n\u00famero de propiedades, los propietarios tendr\u00e1n la responsabilidad de pagar su impuesto y con esa recaudaci\u00f3n, la Presidencia Municipal podr\u00e1 ejecutar un mayor n\u00famero de obras que se traduzcan en mejores condiciones de vida para la poblaci\u00f3n.<\/p>\n<p>Explic\u00f3 el programa se llevar\u00e1 a cabo a trav\u00e9s de la Secretar\u00eda Jur\u00eddica del Ayuntamiento que dirige su titular Jessica Ivonne Ch\u00e1vez Fern\u00e1ndez.<\/p>\n","protected":false},"excerpt":{"rendered":"<p>\u00a0 \u00a0 El presidente municipal, Gabriel Garc\u00eda Rojas, y la directora del Programa de Regularizaci\u00f3n de la \u201cTenencia de la Tierra\u201d del gobierno del Estado, Stefany Monserrat Valencia Elizundia, firmaron un convenio de colaboraci\u00f3n con el objetivo de regularizar predios en la regi\u00f3n.<\/p>\n","protected":false},"author":3,"featured_media":0,"comment_status":"open","ping_status":"open","sticky":false,"template":"","format":"standard","meta":{"footnotes":""},"categories":[40],"tags":[],"class_list":["post-59104","post","type-post","status-publish","format-standard","hentry","category-region"],"_links":{"self":[{"href":"https:\/\/plazajuarez.mx\/historico\/wp-json\/wp\/v2\/posts\/59104","targetHints":{"allow":["GET"]}}],"collection":[{"href":"https:\/\/plazajuarez.mx\/historico\/wp-json\/wp\/v2\/posts"}],"about":[{"href":"https:\/\/plazajuarez.mx\/historico\/wp-json\/wp\/v2\/types\/post"}],"author":[{"embeddable":true,"href":"https:\/\/plazajuarez.mx\/historico\/wp-json\/wp\/v2\/users\/3"}],"replies":[{"embeddable":true,"href":"https:\/\/plazajuarez.mx\/historico\/wp-json\/wp\/v2\/comments?post=59104"}],"version-history":[{"count":0,"href":"https:\/\/plazajuarez.mx\/historico\/wp-json\/wp\/v2\/posts\/59104\/revisions"}],"wp:attachment":[{"href":"https:\/\/plazajuarez.mx\/historico\/wp-json\/wp\/v2\/media?parent=59104"}],"wp:term":[{"taxonomy":"category","embeddable":true,"href":"https:\/\/plazajuarez.mx\/historico\/wp-json\/wp\/v2\/categories?post=59104"},{"taxonomy":"post_tag","embeddable":true,"href":"https:\/\/plazajuarez.mx\/historico\/wp-json\/wp\/v2\/tags?post=59104"}],"curies":[{"name":"wp","href":"https:\/\/api.w.org\/{rel}","templated":true}]}}