{"id":59101,"date":"2018-03-17T15:28:45","date_gmt":"2018-03-17T15:28:45","guid":{"rendered":"http:\/\/plazajuarez.mx\/index\/index.php\/2018\/03\/17\/primera-audiencia-publica-en-la-ciudad-de-los-atlantes\/"},"modified":"2018-03-17T15:28:45","modified_gmt":"2018-03-17T15:28:45","slug":"primera-audiencia-publica-en-la-ciudad-de-los-atlantes","status":"publish","type":"post","link":"https:\/\/plazajuarez.mx\/historico\/primera-audiencia-publica-en-la-ciudad-de-los-atlantes\/","title":{"rendered":"Primera Audiencia P\u00fablica en la ciudad de Los Atlantes"},"content":{"rendered":"<p>\u00a0<\/p>\n<p>\u00a0<\/p>\n<p>Con el objetivo de escuchar las necesidades e inquietudes de concesionarios, operadores y usuarios de transporte y p\u00fablico en general, as\u00ed como promover un espacio de participaci\u00f3n ciudadana, el secretario de Movilidad y Transporte, Rufino H Le\u00f3n Tovar, llev\u00f3 a cabo la primera audiencia p\u00fablica en la ciudad de Los Atlantes.<\/p>\n<p>  <!--more-->  <\/p>\n<p>\u00a0Al evento acudieron el presidente municipal Ismael Gadoth Tapia Ben\u00edtez; las diputadas locales Marcela Vieyra Alamilla, Araceli Vel\u00e1zquez Ram\u00edrez, respectivamente, as\u00ed como personal del Sistema de Transporte Convencional de Hidalgo (STCH) y del Sistema Integrado de Transporte Masivo de Hidalgo (SITMAH).<\/p>\n<p>El alcalde anfitri\u00f3n dio la bienvenida a los transportistas de Atitalaquia; Tetepango; Tepeji del R\u00edo; Tlaxcoapan; Tezontepec de Aldama; Tepetitl\u00e1n; Tlahuelilpan; y Atotonilco de Tula, reconoci\u00f3 que con la audiencia se construyen puentes de comunicaci\u00f3n, adem\u00e1s de que se mejoran mecanismos de trabajo \u00a0para alcanzar mejores resultados.<\/p>\n<p>\u00a0Se inform\u00f3 que la primera audiencia p\u00fablica de movilidad cont\u00f3 con la asistencia de m\u00e1s de 250 personas, mismas que fueron atendidas por Rufino H Le\u00f3n secretario de Movilidad y Transporte, as\u00ed como de los directores generales del STCH y del SITMAH, Mart\u00edn L\u00f3pez Delgado y Pablo Elio Blanco Cornejo, respectivamente.<\/p>\n<p>Los transportistas aprovecharon para expresar sus necesidades, inquietudes y propuestas para mejorar las condiciones de movilidad y transporte en la regi\u00f3n Tula-Tepeji, mismas que la legisladora Araceli Vel\u00e1zquez pidi\u00f3 que sean atendidas y que se les d\u00e9 un s\u00ed o un no, pero que no se traiga a la gente dando vueltas y vueltas.<\/p>\n<p>\u00a0Adem\u00e1s de la audiencia se puso en marcha la Unidad M\u00f3vil de Tr\u00e1mites y Servicios del STCH, la cual tienen como objetivo regionalizar y acercar los tr\u00e1mites a los diferentes municipios del Estado.<\/p>\n<p>Rufino H Le\u00f3n Tovar, luego de atender las audiencias inspeccion\u00f3 y particip\u00f3 en la revisi\u00f3n f\u00edsico-mec\u00e1nica (Revista Vehicular), de m\u00e1s de 180 unidades de transporte p\u00fablico, entre taxis, colectivas y autobuses. Reiter\u00f3 a operadores y concesionarios la importancia de contar con unidades en \u00f3ptimas condiciones para prestar servicio. Ello abonar\u00e1 en la seguridad de usuarios y en la calidad del servicio.<\/p>\n<p>\u00a0Dijo que la instrucci\u00f3n del gobernador Omar Fayad es la atenci\u00f3n personal y directa a la poblaci\u00f3n. Se busca garantizar el derecho a una movilidad segura, eficiente, sustentable, moderna y con certeza jur\u00eddica que incida en la mejora de la calidad de vida de la gente.<\/p>\n<p>\u00a0<\/p>\n<p>\u00a0<\/p>\n","protected":false},"excerpt":{"rendered":"<p>\u00a0 \u00a0 Con el objetivo de escuchar las necesidades e inquietudes de concesionarios, operadores y usuarios de transporte y p\u00fablico en general, as\u00ed como promover un espacio de participaci\u00f3n ciudadana, el secretario de Movilidad y Transporte, Rufino H Le\u00f3n Tovar, llev\u00f3 a cabo la primera audiencia p\u00fablica en la ciudad de Los Atlantes.<\/p>\n","protected":false},"author":3,"featured_media":0,"comment_status":"open","ping_status":"open","sticky":false,"template":"","format":"standard","meta":{"footnotes":""},"categories":[40],"tags":[],"class_list":["post-59101","post","type-post","status-publish","format-standard","hentry","category-region"],"_links":{"self":[{"href":"https:\/\/plazajuarez.mx\/historico\/wp-json\/wp\/v2\/posts\/59101","targetHints":{"allow":["GET"]}}],"collection":[{"href":"https:\/\/plazajuarez.mx\/historico\/wp-json\/wp\/v2\/posts"}],"about":[{"href":"https:\/\/plazajuarez.mx\/historico\/wp-json\/wp\/v2\/types\/post"}],"author":[{"embeddable":true,"href":"https:\/\/plazajuarez.mx\/historico\/wp-json\/wp\/v2\/users\/3"}],"replies":[{"embeddable":true,"href":"https:\/\/plazajuarez.mx\/historico\/wp-json\/wp\/v2\/comments?post=59101"}],"version-history":[{"count":0,"href":"https:\/\/plazajuarez.mx\/historico\/wp-json\/wp\/v2\/posts\/59101\/revisions"}],"wp:attachment":[{"href":"https:\/\/plazajuarez.mx\/historico\/wp-json\/wp\/v2\/media?parent=59101"}],"wp:term":[{"taxonomy":"category","embeddable":true,"href":"https:\/\/plazajuarez.mx\/historico\/wp-json\/wp\/v2\/categories?post=59101"},{"taxonomy":"post_tag","embeddable":true,"href":"https:\/\/plazajuarez.mx\/historico\/wp-json\/wp\/v2\/tags?post=59101"}],"curies":[{"name":"wp","href":"https:\/\/api.w.org\/{rel}","templated":true}]}}