{"id":58939,"date":"2018-03-15T00:56:48","date_gmt":"2018-03-15T00:56:48","guid":{"rendered":"http:\/\/plazajuarez.mx\/index\/index.php\/2018\/03\/15\/ferrocarril-arrolla-y-mata-a-hombre-en-cuautitlan-izcalli\/"},"modified":"2018-03-15T00:56:48","modified_gmt":"2018-03-15T00:56:48","slug":"ferrocarril-arrolla-y-mata-a-hombre-en-cuautitlan-izcalli","status":"publish","type":"post","link":"https:\/\/plazajuarez.mx\/historico\/ferrocarril-arrolla-y-mata-a-hombre-en-cuautitlan-izcalli\/","title":{"rendered":"Ferrocarril arrolla y mata a hombre en Cuautitl\u00e1n Izcalli"},"content":{"rendered":"<p style=\"text-align: justify;\">Autoridades de Cuautitl\u00e1n mencionaron que al parecer se trata de un migrante centroamericano.<\/p>\n<p>  <!--more-->  <\/p>\n<p style=\"text-align: justify;\">Distraerse por comer una manzana le cost\u00f3 la vida a un hombre, quien al parecer era migrante, quien cruz\u00f3 las v\u00edas y fue arrollado por el ferrocarril, en el libramiento a San Mateo Ixtacalco, a la altura de la colonia San Roque, en los l\u00edmites de este municipio con Cuautitl\u00e1n Izcalli.<\/p>\n<p style=\"text-align: justify;\">&#8220;Ven\u00eda agachado y comiendo una manzana, iba a cruzar. El conductor del tren le pit\u00f3, pero pareci\u00f3 que no escuch\u00f3&#8221;, relat\u00f3 un testigo, en hechos ocurridos alrededor de las 13:30 horas de hoy.<\/p>\n<p style=\"text-align: justify;\">Fuentes locales informaron que el hombre qued\u00f3 partido a la mitad y fue arrastrado unos 100 metros por la m\u00e1quina del ferrocarril; en el lugar estaban la manzana mordida y un tenis, tambi\u00e9n restos del hombre regados.<\/p>\n<p style=\"text-align: justify;\">Colonos mencionaron que por la ma\u00f1ana el hombre, de entre 25 y 30 a\u00f1os de edad, pidi\u00f3 comida en viviendas de la zona, y al parecer iba junto con otros migrantes.<\/p>\n<p style=\"text-align: justify;\">Autoridades de Cuautitl\u00e1n mencionaron que al parecer se trata de un migrante centroamericano, lo que ser\u00e1 determinado por las autoridades correspondientes.<\/p>\n<p style=\"text-align: justify;\">Al lugar acudi\u00f3 el agente del Ministerio P\u00fablico, que orden\u00f3 el levantamiento del cad\u00e1ver y de los indicios, adem\u00e1s de que inici\u00f3 la carpeta de investigaci\u00f3n correspondiente.<\/p>\n","protected":false},"excerpt":{"rendered":"<p>Autoridades de Cuautitl\u00e1n mencionaron que al parecer se trata de un migrante centroamericano.<\/p>\n","protected":false},"author":1,"featured_media":0,"comment_status":"open","ping_status":"open","sticky":false,"template":"","format":"standard","meta":{"footnotes":""},"categories":[37],"tags":[],"class_list":["post-58939","post","type-post","status-publish","format-standard","hentry","category-barandilla"],"_links":{"self":[{"href":"https:\/\/plazajuarez.mx\/historico\/wp-json\/wp\/v2\/posts\/58939","targetHints":{"allow":["GET"]}}],"collection":[{"href":"https:\/\/plazajuarez.mx\/historico\/wp-json\/wp\/v2\/posts"}],"about":[{"href":"https:\/\/plazajuarez.mx\/historico\/wp-json\/wp\/v2\/types\/post"}],"author":[{"embeddable":true,"href":"https:\/\/plazajuarez.mx\/historico\/wp-json\/wp\/v2\/users\/1"}],"replies":[{"embeddable":true,"href":"https:\/\/plazajuarez.mx\/historico\/wp-json\/wp\/v2\/comments?post=58939"}],"version-history":[{"count":0,"href":"https:\/\/plazajuarez.mx\/historico\/wp-json\/wp\/v2\/posts\/58939\/revisions"}],"wp:attachment":[{"href":"https:\/\/plazajuarez.mx\/historico\/wp-json\/wp\/v2\/media?parent=58939"}],"wp:term":[{"taxonomy":"category","embeddable":true,"href":"https:\/\/plazajuarez.mx\/historico\/wp-json\/wp\/v2\/categories?post=58939"},{"taxonomy":"post_tag","embeddable":true,"href":"https:\/\/plazajuarez.mx\/historico\/wp-json\/wp\/v2\/tags?post=58939"}],"curies":[{"name":"wp","href":"https:\/\/api.w.org\/{rel}","templated":true}]}}