{"id":58555,"date":"2018-03-09T01:27:28","date_gmt":"2018-03-09T01:27:28","guid":{"rendered":"http:\/\/plazajuarez.mx\/index\/index.php\/2018\/03\/09\/omar-fayad-encabezo-la-inauguracion-del-congreso-de-la-familia\/"},"modified":"2018-03-09T01:27:28","modified_gmt":"2018-03-09T01:27:28","slug":"omar-fayad-encabezo-la-inauguracion-del-congreso-de-la-familia","status":"publish","type":"post","link":"https:\/\/plazajuarez.mx\/historico\/omar-fayad-encabezo-la-inauguracion-del-congreso-de-la-familia\/","title":{"rendered":"Omar Fayad encabez\u00f3 la inauguraci\u00f3n del Congreso de la Familia"},"content":{"rendered":"<p><span style=\"font-weight: 400;\">Como cada a\u00f1o, dio inicio el noveno Congreso de la familia denominado \u201cReforzando valores, fortaleciendo familias\u201d.<\/span><\/p>\n<p>  <!--more-->  <\/p>\n<p style=\"text-align: justify;\">El Sistema DIF Hidalgo junto con el gobierno del estado, inauguraron el noveno Congreso de la Familia denominado \u201cReforzando valores, fortaleciendo familias\u201d.<\/p>\n<p style=\"text-align: justify;\">Previo a la inauguraci\u00f3n oficial, la directora del DIFH; Patricia Gonz\u00e1lez Valencia, mencion\u00f3 que la familia es el principal espacio de crecimiento y se ha caracterizado por ser mantener las costumbres, \u201clos estilos de crianza en cada familia son muy particulares y est\u00e1n bien definidos, es por ello que en el DIFH concebimos a la familia como un grupo de sociedad en constante cambio\u00a0 donde los integrantes conocen e interact\u00faan con el mundo que nos rodea, es en la familia donde se forman hombres y mujeres que conforman la sociedad\u201d.<\/p>\n<p style=\"text-align: justify;\">En su intervenci\u00f3n, el gobernador del estado Omar Fayad Meneses encabez\u00f3 la inauguraci\u00f3n de la novena edici\u00f3n del Congreso, en donde mencion\u00f3 que la estructura de las familias ha evolucionado; ya que las familias tradicionales y los roles que desempe\u00f1an madres, padres, hijas e hijos han cambiado, \u201clos matrimonios van disminuyendo y lo divorcios aumentan, hay mucho caos de violencia y crece en menores de cuatro a\u00f1os, adem\u00e1s del elevado consumo de alcohol que desde la adolescencia comienzan a ingerir\u201d.<\/p>\n<p style=\"text-align: justify;\">M\u00c1S INFORMACI\u00d3N EN NUESTRA EDICI\u00d3N IMPRESA<\/p>\n","protected":false},"excerpt":{"rendered":"<p>Como cada a\u00f1o, dio inicio el noveno Congreso de la familia denominado \u201cReforzando valores, fortaleciendo familias\u201d.<\/p>\n","protected":false},"author":1,"featured_media":0,"comment_status":"open","ping_status":"open","sticky":false,"template":"","format":"standard","meta":{"footnotes":""},"categories":[59],"tags":[],"class_list":["post-58555","post","type-post","status-publish","format-standard","hentry","category-general"],"_links":{"self":[{"href":"https:\/\/plazajuarez.mx\/historico\/wp-json\/wp\/v2\/posts\/58555","targetHints":{"allow":["GET"]}}],"collection":[{"href":"https:\/\/plazajuarez.mx\/historico\/wp-json\/wp\/v2\/posts"}],"about":[{"href":"https:\/\/plazajuarez.mx\/historico\/wp-json\/wp\/v2\/types\/post"}],"author":[{"embeddable":true,"href":"https:\/\/plazajuarez.mx\/historico\/wp-json\/wp\/v2\/users\/1"}],"replies":[{"embeddable":true,"href":"https:\/\/plazajuarez.mx\/historico\/wp-json\/wp\/v2\/comments?post=58555"}],"version-history":[{"count":0,"href":"https:\/\/plazajuarez.mx\/historico\/wp-json\/wp\/v2\/posts\/58555\/revisions"}],"wp:attachment":[{"href":"https:\/\/plazajuarez.mx\/historico\/wp-json\/wp\/v2\/media?parent=58555"}],"wp:term":[{"taxonomy":"category","embeddable":true,"href":"https:\/\/plazajuarez.mx\/historico\/wp-json\/wp\/v2\/categories?post=58555"},{"taxonomy":"post_tag","embeddable":true,"href":"https:\/\/plazajuarez.mx\/historico\/wp-json\/wp\/v2\/tags?post=58555"}],"curies":[{"name":"wp","href":"https:\/\/api.w.org\/{rel}","templated":true}]}}