{"id":58554,"date":"2018-03-09T01:03:17","date_gmt":"2018-03-09T01:03:17","guid":{"rendered":"http:\/\/plazajuarez.mx\/index\/index.php\/2018\/03\/09\/luto-en-el-boxeo-muere-rafael-cobra-mendoza\/"},"modified":"2018-03-09T01:03:17","modified_gmt":"2018-03-09T01:03:17","slug":"luto-en-el-boxeo-muere-rafael-cobra-mendoza","status":"publish","type":"post","link":"https:\/\/plazajuarez.mx\/historico\/luto-en-el-boxeo-muere-rafael-cobra-mendoza\/","title":{"rendered":"Luto en el boxeo, muere Rafael &#8220;Cobra&#8221; Mendoza"},"content":{"rendered":"<p style=\"text-align: justify;\">Hombre con inteligencia poco com\u00fan, \u00a0se enamor\u00f3 del boxeo desde su juventud.<\/p>\n<p>  <!--more-->  <\/p>\n<p style=\"text-align: justify;\">La madrugada de este jueves muri\u00f3 Rafael \u201cLa Cobra\u201d Mendoza, ampliamente conocido tanto en M\u00e9xico como en el extranjero.<\/p>\n<p style=\"text-align: justify;\">Hombre con inteligencia poco com\u00fan, \u00a0se enamor\u00f3 del boxeo desde su juventud y se convirti\u00f3 en un gran experto en el tema al que tambi\u00e9n se dedic\u00f3 en su parte laboral, destacando como periodista, apoderado, agente, promotor, historiador y otros aspectos.<\/p>\n<p style=\"text-align: justify;\">Mendoza ten\u00eda 80 a\u00f1os de edad, naci\u00f3 en abril de 1937 en M\u00e9rida, Yucat\u00e1n, y tanto su conocimiento del boxeo como su actividad fueron considerados en M\u00e9xico y en el extranjero.<\/p>\n<p style=\"text-align: justify;\">Dirigi\u00f3 sin recibir queja alguna, a boxeadores de la talla de Miguel Canto, Jos\u00e9 &#8220;Pipino&#8221; Cuevas, Humberto Gonz\u00e1lez, Sa\u00fal &#8220;Canelo&#8221; \u00c1lvarez, en su primera etapa, Oscar &#8220;Chololo&#8221; Larios, Daniel Zaragoza, Gilberto Rom\u00e1n, Ricardo Arredondo, Melchor Cob y Alexis Arg\u00efuello.<\/p>\n","protected":false},"excerpt":{"rendered":"<p>Hombre con inteligencia poco com\u00fan, \u00a0se enamor\u00f3 del boxeo desde su juventud.<\/p>\n","protected":false},"author":1,"featured_media":0,"comment_status":"open","ping_status":"open","sticky":false,"template":"","format":"standard","meta":{"footnotes":""},"categories":[39],"tags":[],"class_list":["post-58554","post","type-post","status-publish","format-standard","hentry","category-deportiva"],"_links":{"self":[{"href":"https:\/\/plazajuarez.mx\/historico\/wp-json\/wp\/v2\/posts\/58554","targetHints":{"allow":["GET"]}}],"collection":[{"href":"https:\/\/plazajuarez.mx\/historico\/wp-json\/wp\/v2\/posts"}],"about":[{"href":"https:\/\/plazajuarez.mx\/historico\/wp-json\/wp\/v2\/types\/post"}],"author":[{"embeddable":true,"href":"https:\/\/plazajuarez.mx\/historico\/wp-json\/wp\/v2\/users\/1"}],"replies":[{"embeddable":true,"href":"https:\/\/plazajuarez.mx\/historico\/wp-json\/wp\/v2\/comments?post=58554"}],"version-history":[{"count":0,"href":"https:\/\/plazajuarez.mx\/historico\/wp-json\/wp\/v2\/posts\/58554\/revisions"}],"wp:attachment":[{"href":"https:\/\/plazajuarez.mx\/historico\/wp-json\/wp\/v2\/media?parent=58554"}],"wp:term":[{"taxonomy":"category","embeddable":true,"href":"https:\/\/plazajuarez.mx\/historico\/wp-json\/wp\/v2\/categories?post=58554"},{"taxonomy":"post_tag","embeddable":true,"href":"https:\/\/plazajuarez.mx\/historico\/wp-json\/wp\/v2\/tags?post=58554"}],"curies":[{"name":"wp","href":"https:\/\/api.w.org\/{rel}","templated":true}]}}