{"id":58551,"date":"2018-03-08T23:16:09","date_gmt":"2018-03-08T23:16:09","guid":{"rendered":"http:\/\/plazajuarez.mx\/index\/index.php\/2018\/03\/08\/capturan-a-el-quique-jefe-del-cartel-de-tlahuac\/"},"modified":"2018-03-08T23:16:09","modified_gmt":"2018-03-08T23:16:09","slug":"capturan-a-el-quique-jefe-del-cartel-de-tlahuac","status":"publish","type":"post","link":"https:\/\/plazajuarez.mx\/historico\/capturan-a-el-quique-jefe-del-cartel-de-tlahuac\/","title":{"rendered":"Capturan a &#8220;El Quique&#8221;, jefe del c\u00e1rtel de Tl\u00e1huac"},"content":{"rendered":"<p style=\"text-align: justify;\">El operativo Escudo-Tit\u00e1n, enfocado en las ciudades con mayor \u00edndice de violencia, se ampliar\u00e1 en los municipios de Apaseo, Le\u00f3n y Celaya.<\/p>\n<p>  <!--more-->  <\/p>\n<p style=\"text-align: justify;\">El comisionado Nacional de Seguridad, Renato Sales Heredia, anunci\u00f3 la detenci\u00f3n de 5 objetivos de alto impacto, entre ellos, Enrique Salazar Ch\u00e1vez &#8220;El Quique&#8221;, jefe del c\u00e1rtel de Tl\u00e1huac.<\/p>\n<p style=\"text-align: justify;\">Al presentar el sexto informe de resultados del operativo Escudo-Tit\u00e1n, Sales Heredia indic\u00f3 que Salazar Ch\u00e1vez es sucesor de Uriel Isaac Guzm\u00e1n &#8220;El Cochi&#8221;, detenido en enero en Nuevo Le\u00f3n.<\/p>\n<p style=\"text-align: justify;\">Mencion\u00f3 que &#8220;El Quique&#8221; fue detenido en la delegaci\u00f3n Venustiano Carranza, en posesi\u00f3n de droga y dinero en efectivo.<\/p>\n<p style=\"text-align: justify;\">Al hoy detenido se le relaciona con el control del narcomenudeo y es el que ha generado violencia en Iztacalco, Xochimilco, Iztapalapa, Venustiano Carranza y Milpa Alta, en la Ciudad de M\u00e9xico; as\u00ed como Texcoco en el Estado de M\u00e9xico.<\/p>\n<p style=\"text-align: justify;\">El operativo Escudo-Tit\u00e1n, enfocado en las ciudades con mayor \u00edndice de violencia, se ampliar\u00e1 en los municipios de Apaseo, Le\u00f3n y Celaya.<\/p>\n<p style=\"text-align: justify;\">&#8220;Les informamos que el operativo ampl\u00eda sus acciones esta misma semana en municipios del estado de Guanajuato&#8221;, indic\u00f3.<\/p>\n<p style=\"text-align: justify;\">Entre algunos logros, Sales Heredia destac\u00f3 el decomiso de 337 kilos de metanfetamina en Baja California.<\/p>\n<p style=\"text-align: justify;\">En cuanto a trata de personas, secuestro y apoyo a mujeres migrantes, se\u00f1al\u00f3 que se han atendido a 4 mil 226 mujeres v\u00edctimas de diversos delitos; se liberaron a 679 mujeres la mayor\u00eda v\u00edctimas de explotaci\u00f3n sexual; 870 v\u00edctimas de secuestro y se brind\u00f3 poyo a 2 mil 677 mujeres migrantes.<\/p>\n","protected":false},"excerpt":{"rendered":"<p>El operativo Escudo-Tit\u00e1n, enfocado en las ciudades con mayor \u00edndice de violencia, se ampliar\u00e1 en los municipios de Apaseo, Le\u00f3n y Celaya.<\/p>\n","protected":false},"author":1,"featured_media":0,"comment_status":"open","ping_status":"open","sticky":false,"template":"","format":"standard","meta":{"footnotes":""},"categories":[37],"tags":[],"class_list":["post-58551","post","type-post","status-publish","format-standard","hentry","category-barandilla"],"_links":{"self":[{"href":"https:\/\/plazajuarez.mx\/historico\/wp-json\/wp\/v2\/posts\/58551","targetHints":{"allow":["GET"]}}],"collection":[{"href":"https:\/\/plazajuarez.mx\/historico\/wp-json\/wp\/v2\/posts"}],"about":[{"href":"https:\/\/plazajuarez.mx\/historico\/wp-json\/wp\/v2\/types\/post"}],"author":[{"embeddable":true,"href":"https:\/\/plazajuarez.mx\/historico\/wp-json\/wp\/v2\/users\/1"}],"replies":[{"embeddable":true,"href":"https:\/\/plazajuarez.mx\/historico\/wp-json\/wp\/v2\/comments?post=58551"}],"version-history":[{"count":0,"href":"https:\/\/plazajuarez.mx\/historico\/wp-json\/wp\/v2\/posts\/58551\/revisions"}],"wp:attachment":[{"href":"https:\/\/plazajuarez.mx\/historico\/wp-json\/wp\/v2\/media?parent=58551"}],"wp:term":[{"taxonomy":"category","embeddable":true,"href":"https:\/\/plazajuarez.mx\/historico\/wp-json\/wp\/v2\/categories?post=58551"},{"taxonomy":"post_tag","embeddable":true,"href":"https:\/\/plazajuarez.mx\/historico\/wp-json\/wp\/v2\/tags?post=58551"}],"curies":[{"name":"wp","href":"https:\/\/api.w.org\/{rel}","templated":true}]}}