{"id":58473,"date":"2018-03-07T20:06:34","date_gmt":"2018-03-07T20:06:34","guid":{"rendered":"http:\/\/plazajuarez.mx\/index\/index.php\/2018\/03\/07\/realidad-que-hoy-vive-el-pais-es-distinta-y-mejor-para-mujeres-epn\/"},"modified":"2018-03-07T20:06:34","modified_gmt":"2018-03-07T20:06:34","slug":"realidad-que-hoy-vive-el-pais-es-distinta-y-mejor-para-mujeres-epn","status":"publish","type":"post","link":"https:\/\/plazajuarez.mx\/historico\/realidad-que-hoy-vive-el-pais-es-distinta-y-mejor-para-mujeres-epn\/","title":{"rendered":"Realidad que hoy vive el pa\u00eds es distinta y mejor para mujeres: EPN"},"content":{"rendered":"<p>Al encabezar en Los Pinos la ceremonia oficial por el D\u00eda Internacional de la Mujer -que se celebra este jueves-, el mandatario se pronunci\u00f3 por una mayor igualdad entre hombres y mujeres\u00a0<\/p>\n<p>  <!--more-->  <\/p>\n<p>El presidente Enrique Pe\u00f1a Nieto sostuvo que la realidad que hoy vive el pa\u00eds es distinta y mejor para las mujeres mexicanas de la que se ten\u00eda hace poco m\u00e1s de cinco a\u00f1os; no obstante, advirti\u00f3, esta agenda no se ha agotado ni est\u00e1 terminada.<\/p>\n<p>Al encabezar en Los Pinos la ceremonia oficial por el D\u00eda Internacional de la Mujer -que se celebra este jueves-, el mandatario se pronunci\u00f3 por una mayor igualdad entre hombres y mujeres y arremeti\u00f3 contra la violencia sexual y el machismo.<\/p>\n<p>&#8220;\u00bfC\u00f3mo acabar con ese machismo que todav\u00eda es parte de nuestra sociedad?, y que hoy hemos avanzado, muy especialmente a trav\u00e9s de todas estas pol\u00edticas, a trav\u00e9s de los espacios de participaci\u00f3n de la mujer, y no s\u00f3lo en la vida p\u00fablica, en la vida social en distintos \u00e1mbitos, a trav\u00e9s de las mujeres que se atreven a alzar la voz, a denunciar el hostigamiento, a denunciar el acoso sexual es que hemos podido realmente frenar esas conductas machistas&#8221;, dijo.<\/p>\n<p>Record\u00f3 que en 2016 orden\u00f3 que todas las dependencias federales siguieran un protocolo -que hoy est\u00e1 en marcha- para evitar que haya pr\u00e1cticas de hostigamiento y el acoso sexual.<\/p>\n<p>En su mensaje, el presidente Pe\u00f1a Nieto destac\u00f3 que en esta administraci\u00f3n se ha detenido la tendencia creciente de embarazos en mujeres adolescentes y comienza a revertirse.<\/p>\n","protected":false},"excerpt":{"rendered":"<p>Al encabezar en Los Pinos la ceremonia oficial por el D\u00eda Internacional de la Mujer -que se celebra este jueves-, el mandatario se pronunci\u00f3 por una mayor igualdad entre hombres y mujeres\u00a0<\/p>\n","protected":false},"author":6,"featured_media":0,"comment_status":"open","ping_status":"open","sticky":false,"template":"","format":"standard","meta":{"footnotes":""},"categories":[36],"tags":[],"class_list":["post-58473","post","type-post","status-publish","format-standard","hentry","category-nacion"],"_links":{"self":[{"href":"https:\/\/plazajuarez.mx\/historico\/wp-json\/wp\/v2\/posts\/58473","targetHints":{"allow":["GET"]}}],"collection":[{"href":"https:\/\/plazajuarez.mx\/historico\/wp-json\/wp\/v2\/posts"}],"about":[{"href":"https:\/\/plazajuarez.mx\/historico\/wp-json\/wp\/v2\/types\/post"}],"author":[{"embeddable":true,"href":"https:\/\/plazajuarez.mx\/historico\/wp-json\/wp\/v2\/users\/6"}],"replies":[{"embeddable":true,"href":"https:\/\/plazajuarez.mx\/historico\/wp-json\/wp\/v2\/comments?post=58473"}],"version-history":[{"count":0,"href":"https:\/\/plazajuarez.mx\/historico\/wp-json\/wp\/v2\/posts\/58473\/revisions"}],"wp:attachment":[{"href":"https:\/\/plazajuarez.mx\/historico\/wp-json\/wp\/v2\/media?parent=58473"}],"wp:term":[{"taxonomy":"category","embeddable":true,"href":"https:\/\/plazajuarez.mx\/historico\/wp-json\/wp\/v2\/categories?post=58473"},{"taxonomy":"post_tag","embeddable":true,"href":"https:\/\/plazajuarez.mx\/historico\/wp-json\/wp\/v2\/tags?post=58473"}],"curies":[{"name":"wp","href":"https:\/\/api.w.org\/{rel}","templated":true}]}}