{"id":58472,"date":"2018-03-07T20:04:57","date_gmt":"2018-03-07T20:04:57","guid":{"rendered":"http:\/\/plazajuarez.mx\/index\/index.php\/2018\/03\/07\/jared-kushner-y-pena-nieto-se-reunen-en-los-pinos\/"},"modified":"2018-03-07T20:04:57","modified_gmt":"2018-03-07T20:04:57","slug":"jared-kushner-y-pena-nieto-se-reunen-en-los-pinos","status":"publish","type":"post","link":"https:\/\/plazajuarez.mx\/historico\/jared-kushner-y-pena-nieto-se-reunen-en-los-pinos\/","title":{"rendered":"Jared Kushner y Pe\u00f1a Nieto se re\u00fanen en Los Pinos"},"content":{"rendered":"<p>Este encuentro se desarrolla en privado tras concluir el encuentro que tuvo Jared Kushner con el canciller Luis Videgaray en la sede de la SRE<\/p>\n<p>  <!--more-->  <\/p>\n<p>Jared Kushner, yerno del mandatario de Estados Unidos, Donald Trump, arrib\u00f3 este mi\u00e9rcoles a la Residencia Oficial de Los Pinos, donde sostendr\u00e1 un encuentro con el presidente Enrique Pe\u00f1a Nieto.<\/p>\n<p>En punto de las 13:13 horas, el asesor del presidente estadounidense ingres\u00f3 a la Residencia Oficial, donde en este momento sostiene un encuentro con el mandatario mexicano.<\/p>\n<p>Este encuentro se desarrolla en privado tras concluir el encuentro que tuvo Jared Kushner con el canciller Luis Videgaray en la sede de la Secretar\u00eda de Relaciones Exteriores (SRE).<\/p>\n<p>La reuni\u00f3n se realiza luego de un supuesto desencuentro entre los presidentes Pe\u00f1a Nieto y Donald Trump a finales de febrero y que habr\u00eda llevado a la cancelaci\u00f3n de una visita del mandatario mexicano a Washington, de acuerdo con medios estadounidenses.<\/p>\n<p>Kushner est\u00e1 acompa\u00f1ado por funcionarios del Departamento de Estado y del Consejo de Seguridad Nacional de Estados Unidos.<\/p>\n","protected":false},"excerpt":{"rendered":"<p>Este encuentro se desarrolla en privado tras concluir el encuentro que tuvo Jared Kushner con el canciller Luis Videgaray en la sede de la SRE<\/p>\n","protected":false},"author":6,"featured_media":0,"comment_status":"open","ping_status":"open","sticky":false,"template":"","format":"standard","meta":{"footnotes":""},"categories":[36],"tags":[],"class_list":["post-58472","post","type-post","status-publish","format-standard","hentry","category-nacion"],"_links":{"self":[{"href":"https:\/\/plazajuarez.mx\/historico\/wp-json\/wp\/v2\/posts\/58472","targetHints":{"allow":["GET"]}}],"collection":[{"href":"https:\/\/plazajuarez.mx\/historico\/wp-json\/wp\/v2\/posts"}],"about":[{"href":"https:\/\/plazajuarez.mx\/historico\/wp-json\/wp\/v2\/types\/post"}],"author":[{"embeddable":true,"href":"https:\/\/plazajuarez.mx\/historico\/wp-json\/wp\/v2\/users\/6"}],"replies":[{"embeddable":true,"href":"https:\/\/plazajuarez.mx\/historico\/wp-json\/wp\/v2\/comments?post=58472"}],"version-history":[{"count":0,"href":"https:\/\/plazajuarez.mx\/historico\/wp-json\/wp\/v2\/posts\/58472\/revisions"}],"wp:attachment":[{"href":"https:\/\/plazajuarez.mx\/historico\/wp-json\/wp\/v2\/media?parent=58472"}],"wp:term":[{"taxonomy":"category","embeddable":true,"href":"https:\/\/plazajuarez.mx\/historico\/wp-json\/wp\/v2\/categories?post=58472"},{"taxonomy":"post_tag","embeddable":true,"href":"https:\/\/plazajuarez.mx\/historico\/wp-json\/wp\/v2\/tags?post=58472"}],"curies":[{"name":"wp","href":"https:\/\/api.w.org\/{rel}","templated":true}]}}