{"id":5840,"date":"2015-05-30T05:00:00","date_gmt":"2015-05-30T05:00:00","guid":{"rendered":"http:\/\/plazajuarez.mx\/index\/index.php\/2015\/05\/30\/organizara-municipio-su-feria-sin-fines-de-lucro\/"},"modified":"2015-05-30T05:00:00","modified_gmt":"2015-05-30T05:00:00","slug":"organizara-municipio-su-feria-sin-fines-de-lucro","status":"publish","type":"post","link":"https:\/\/plazajuarez.mx\/historico\/organizara-municipio-su-feria-sin-fines-de-lucro\/","title":{"rendered":"Organizar\u00e1 municipio su feria, sin fines de lucro \u00a0\u00a0\u00a0\u00a0\u00a0"},"content":{"rendered":"<p><span style=\"font-family: verdana, geneva; font-size: 10pt;\"><strong>Cuautepec <\/strong><\/span><\/p>\n<p><span style=\"font-family: verdana, geneva; font-size: 10pt;\">Por primera vez, en los tres a\u00f1os que lleva de administraci\u00f3n el alcalde Gerardo Olmedo Arista, la organizaci\u00f3n de la feria no fue concesionada y ser\u00e1 el propio municipio el que realice su festejo para este 2015.<\/span><\/p>\n<p>  <!--more-->  <\/p>\n<p>\u00a0<\/p>\n<p><span style=\"font-family: verdana, geneva; font-size: 10pt;\">\u00a0<\/span><\/p>\n<p><span style=\"font-family: verdana, geneva; font-size: 10pt;\">Lo anterior, lo se\u00f1al\u00f3 la tesorera, tanto del municipio como del comit\u00e9 de feria, Lilia Camacho Soto, con la intenci\u00f3n de mejorar la imagen y hacer un festejo digno para la gente de Cuautepec.<\/span><\/p>\n<p><span style=\"font-family: verdana, geneva; font-size: 10pt;\">\u00a0<\/span><\/p>\n<p><span style=\"font-family: verdana, geneva; font-size: 10pt;\">Cabe mencionar que, debido a la jornada electoral del pr\u00f3ximo 7 de junio, en este 2015 la feria en honor a San Antonio no iniciar\u00e1 a principios del mes de junio, sino hasta el d\u00eda 12 y concluir\u00e1 el 28 del mismo mes.<\/span><\/p>\n<p><span style=\"font-family: verdana, geneva; font-size: 10pt;\">\u00a0<\/span><\/p>\n<p><span style=\"font-family: verdana, geneva; font-size: 10pt;\">Camacho Soto detall\u00f3 que la organizaci\u00f3n se realiza con el apoyo del cabildo municipal; adem\u00e1s de que el cartel de artistas est\u00e1 confirmado, por lo que no se prev\u00e9n cambios en las presentaciones.<\/span><\/p>\n<p><span style=\"font-family: verdana, geneva; font-size: 10pt;\">\u00a0<\/span><\/p>\n<p><span style=\"font-family: verdana, geneva; font-size: 10pt;\">La funcionaria municipal subray\u00f3 que, en las pasadas ediciones de la feria, con las concesiones se ten\u00eda el acceso gratis a las instalaciones del recinto ferial, pero los juegos mec\u00e1nicos al interior eran muy costosos.<\/span><\/p>\n<p><span style=\"font-family: verdana, geneva; font-size: 10pt;\">\u00a0<\/span><\/p>\n<p><span style=\"font-family: verdana, geneva; font-size: 10pt;\">Por tal motivo, uno de los cambios importantes durante las celebraciones de este a\u00f1o, adem\u00e1s de no tener costo alguno el acceso a la feria, los visitantes a la misma podr\u00e1n comprar un pase para acceder a todos los juegos mec\u00e1nicos, las veces que quieran, con un costo de 50 pesos.<\/span><\/p>\n<p><span style=\"font-family: verdana, geneva; font-size: 10pt;\">\u00a0<\/span><\/p>\n<p><span style=\"font-family: verdana, geneva; font-size: 10pt;\">Asegur\u00f3 tambi\u00e9n que est\u00e1n garantizados los eventos deportivos para este a\u00f1o, tales como cuadrangulares de futbol, baloncesto, cachibol, torneo charro, entre otros.<\/span><\/p>\n<p><span style=\"font-family: verdana, geneva; font-size: 10pt;\">\u00a0<\/span><\/p>\n<p><span style=\"font-family: verdana, geneva; font-size: 10pt;\">Por otra parte, asegur\u00f3 que la venta de alcohol al interior del lugar est\u00e1 regulada, ya que s\u00f3lo permitir\u00e1n ocho espacios para venta de \u201cmicheladas\u201d, y la colocaci\u00f3n de un bar, dentro del recinto ferial.<\/span><\/p>\n<p><span style=\"font-family: verdana, geneva; font-size: 10pt;\">\u00a0<\/span><\/p>\n<p><span style=\"font-family: verdana, geneva; font-size: 10pt;\">Finalmente, Lilia Camacho subray\u00f3 en que la organizaci\u00f3n de la feria es realizada sin fines de lucro para la propia administraci\u00f3n. \u201cSolo queremos que sea una buena feria para la gente\u201d, concluy\u00f3.<\/span><\/p>\n<p><span style=\"font-family: verdana, geneva; font-size: 10pt;\">\u00a0<\/span><\/p>\n<p><span style=\"font-family: verdana, geneva; font-size: 10pt;\">Sin embargo, en las ediciones pasadas los concesionarios no cumplieron al cien por ciento con los acuerdos con el municipio a cambio de organizar la feria; incluso, en el pasado 2014 el concesionario no report\u00f3 ganancias al respecto.\u00a0<\/span><\/p>\n","protected":false},"excerpt":{"rendered":"<p>Cuautepec Por primera vez, en los tres a\u00f1os que lleva de administraci\u00f3n el alcalde Gerardo Olmedo Arista, la organizaci\u00f3n de la feria no fue concesionada y ser\u00e1 el propio municipio el que realice su festejo para este 2015.<\/p>\n","protected":false},"author":1,"featured_media":0,"comment_status":"open","ping_status":"open","sticky":false,"template":"","format":"standard","meta":{"footnotes":""},"categories":[40],"tags":[],"class_list":["post-5840","post","type-post","status-publish","format-standard","hentry","category-region"],"_links":{"self":[{"href":"https:\/\/plazajuarez.mx\/historico\/wp-json\/wp\/v2\/posts\/5840","targetHints":{"allow":["GET"]}}],"collection":[{"href":"https:\/\/plazajuarez.mx\/historico\/wp-json\/wp\/v2\/posts"}],"about":[{"href":"https:\/\/plazajuarez.mx\/historico\/wp-json\/wp\/v2\/types\/post"}],"author":[{"embeddable":true,"href":"https:\/\/plazajuarez.mx\/historico\/wp-json\/wp\/v2\/users\/1"}],"replies":[{"embeddable":true,"href":"https:\/\/plazajuarez.mx\/historico\/wp-json\/wp\/v2\/comments?post=5840"}],"version-history":[{"count":0,"href":"https:\/\/plazajuarez.mx\/historico\/wp-json\/wp\/v2\/posts\/5840\/revisions"}],"wp:attachment":[{"href":"https:\/\/plazajuarez.mx\/historico\/wp-json\/wp\/v2\/media?parent=5840"}],"wp:term":[{"taxonomy":"category","embeddable":true,"href":"https:\/\/plazajuarez.mx\/historico\/wp-json\/wp\/v2\/categories?post=5840"},{"taxonomy":"post_tag","embeddable":true,"href":"https:\/\/plazajuarez.mx\/historico\/wp-json\/wp\/v2\/tags?post=5840"}],"curies":[{"name":"wp","href":"https:\/\/api.w.org\/{rel}","templated":true}]}}