{"id":5838,"date":"2015-05-30T05:00:00","date_gmt":"2015-05-30T05:00:00","guid":{"rendered":"http:\/\/plazajuarez.mx\/index\/index.php\/2015\/05\/30\/se-quejan-por-la-inseguridad-ante-secretario-de-seguridad-publica-estatal\/"},"modified":"2015-05-30T05:00:00","modified_gmt":"2015-05-30T05:00:00","slug":"se-quejan-por-la-inseguridad-ante-secretario-de-seguridad-publica-estatal","status":"publish","type":"post","link":"https:\/\/plazajuarez.mx\/historico\/se-quejan-por-la-inseguridad-ante-secretario-de-seguridad-publica-estatal\/","title":{"rendered":"Se quejan por la inseguridad ante secretario de Seguridad P\u00fablica estatal"},"content":{"rendered":"<p><span style=\"font-family: verdana, geneva; font-size: 10pt;\"><strong>Tlaxcoapan<\/strong><\/span><\/p>\n<p><span style=\"font-family: verdana, geneva; font-size: 10pt;\">Vecinos de la comunidad de Doxey se quejan de la inseguridad que prevalece en su localidad, al se\u00f1alar que en lo que va del mes han sido v\u00edctimas en cuatro ocasiones en el robo de cable de tel\u00e9fonos, lo que ha derivado que se queden incomunicados.<\/span><\/p>\n<p>  <!--more-->  <\/p>\n<p>\u00a0<\/p>\n<p><span style=\"font-family: verdana, geneva; font-size: 10pt;\">Los colonos, para pedir el apoyo de secretario de Seguridad P\u00fablica en el estado, Alfredo Ahedo Mayorga, con rondines por parte de la polic\u00eda estatal acudieron a dialogar con el funcionario estatal durante su visita a Tula para encabezar la reuni\u00f3n de Coordinaci\u00f3n Interinstitucional.<\/span><\/p>\n<p><span style=\"font-family: verdana, geneva; font-size: 10pt;\">Los quejosos le hicieron saber que el pueblo, ante los constantes robos debido a que la seguridad p\u00fablica municipal se ha visto superada, ha comenzado a organizarse para defenderse de los delincuentes, ya que no es posible que en cuatro ocasiones en menos de un mes hayan sufrido el robo del cableado de telefon\u00eda, por lo que exigen mayor seguridad.<\/span><\/p>\n<p><span style=\"font-family: verdana, geneva; font-size: 10pt;\">As\u00ed tambi\u00e9n llamaron a los candidatos a que se involucren en los temas de seguridad que tanto est\u00e1n lastimando a la sociedad, toda vez que hace falta que se realicen m\u00e1s rondines.<\/span><\/p>\n<p><span style=\"font-family: verdana, geneva; font-size: 10pt;\">Por su parte, el director de Seguridad P\u00fablica Municipal, Guadalupe Aguilera, dijo que efectivamente el pasado lunes la comunidad de Doxey sufri\u00f3 el robo de alrededor de 50 metros de cable y que eso deriv\u00f3 en que la localidad se quedar\u00e1 sin el servicio de telefon\u00eda, pero que ya se toman acciones para intensificar los rondines, adem\u00e1s de que se pedir\u00e1 el apoyo de la Secretar\u00eda de Seguridad P\u00fablica del Estado.<\/span><\/p>\n<p><span style=\"font-family: verdana, geneva; font-size: 10pt;\">\u00a0<\/span><\/p>\n","protected":false},"excerpt":{"rendered":"<p>Tlaxcoapan Vecinos de la comunidad de Doxey se quejan de la inseguridad que prevalece en su localidad, al se\u00f1alar que en lo que va del mes han sido v\u00edctimas en cuatro ocasiones en el robo de cable de tel\u00e9fonos, lo que ha derivado que se queden incomunicados.<\/p>\n","protected":false},"author":1,"featured_media":0,"comment_status":"open","ping_status":"open","sticky":false,"template":"","format":"standard","meta":{"footnotes":""},"categories":[40],"tags":[],"class_list":["post-5838","post","type-post","status-publish","format-standard","hentry","category-region"],"_links":{"self":[{"href":"https:\/\/plazajuarez.mx\/historico\/wp-json\/wp\/v2\/posts\/5838","targetHints":{"allow":["GET"]}}],"collection":[{"href":"https:\/\/plazajuarez.mx\/historico\/wp-json\/wp\/v2\/posts"}],"about":[{"href":"https:\/\/plazajuarez.mx\/historico\/wp-json\/wp\/v2\/types\/post"}],"author":[{"embeddable":true,"href":"https:\/\/plazajuarez.mx\/historico\/wp-json\/wp\/v2\/users\/1"}],"replies":[{"embeddable":true,"href":"https:\/\/plazajuarez.mx\/historico\/wp-json\/wp\/v2\/comments?post=5838"}],"version-history":[{"count":0,"href":"https:\/\/plazajuarez.mx\/historico\/wp-json\/wp\/v2\/posts\/5838\/revisions"}],"wp:attachment":[{"href":"https:\/\/plazajuarez.mx\/historico\/wp-json\/wp\/v2\/media?parent=5838"}],"wp:term":[{"taxonomy":"category","embeddable":true,"href":"https:\/\/plazajuarez.mx\/historico\/wp-json\/wp\/v2\/categories?post=5838"},{"taxonomy":"post_tag","embeddable":true,"href":"https:\/\/plazajuarez.mx\/historico\/wp-json\/wp\/v2\/tags?post=5838"}],"curies":[{"name":"wp","href":"https:\/\/api.w.org\/{rel}","templated":true}]}}