{"id":5837,"date":"2015-05-30T05:00:00","date_gmt":"2015-05-30T05:00:00","guid":{"rendered":"http:\/\/plazajuarez.mx\/index\/index.php\/2015\/05\/30\/asegura-alfredo-ahedo-mayorga-que-el-indice-delictivo-en-la-region-tula-tepeji-va-a-la-baja\/"},"modified":"2015-05-30T05:00:00","modified_gmt":"2015-05-30T05:00:00","slug":"asegura-alfredo-ahedo-mayorga-que-el-indice-delictivo-en-la-region-tula-tepeji-va-a-la-baja","status":"publish","type":"post","link":"https:\/\/plazajuarez.mx\/historico\/asegura-alfredo-ahedo-mayorga-que-el-indice-delictivo-en-la-region-tula-tepeji-va-a-la-baja\/","title":{"rendered":"Asegura Alfredo Ahedo Mayorga que el \u00edndice delictivo en la regi\u00f3n Tula Tepeji va a la baja"},"content":{"rendered":"<p><span style=\"font-family: verdana, geneva; font-size: 10pt;\"><strong>Tula de Allende<\/strong><\/span><\/p>\n<p><span style=\"font-family: verdana, geneva; font-size: 10pt;\">Alfredo Ahedo Mayorga, secretario de Seguridad P\u00fablica en el estado, previo a encabezar en Tula la reuni\u00f3n del Grupo de Coordinaci\u00f3n Interinstitucional asegur\u00f3 en entrevista que el \u00edndice delictivo en la regi\u00f3n Tula-Tepeji, va a la baja y que la instalaci\u00f3n de la Base de Operaciones Mixtas (BOM) es para reforzar la seguridad y brindar una mayor tranquilidad a la ciudadan\u00eda.<\/span><\/p>\n<p>  <!--more-->  <\/p>\n<p>\u00a0<\/p>\n<p><span style=\"font-family: verdana, geneva; font-size: 10pt;\">El funcionario estatal dijo que por instrucciones del gobernador, Francisco Olvera Ruiz, es que ha presidido en las regiones las reuniones de los Grupos de Coordinaci\u00f3n Interinstitucional y que en esta ocasi\u00f3n tocaba a la regi\u00f3n Tula-Tepeji como ya lo hizo en la Huasteca y que se hace acompa\u00f1ar de los dos subsecretarios y los coordinadores generales de la secretar\u00eda a su cargo, Francisco Mayorga y\u00a0 Rodolfo Paredes Carbajal, Roberto Cordero y David Torres, respectivamente.<\/span><\/p>\n<p><span style=\"font-family: verdana, geneva; font-size: 10pt;\">Manifest\u00f3 que en la reuni\u00f3n a la que acudieron presidentes municipales de la regi\u00f3n, directores o secretarios de Seguridad P\u00fablica, presentar\u00eda las estad\u00edsticas del comparativo de delitos del a\u00f1o pasado con el actual, \u201cresultado que arroja una baja pr\u00e1cticamente en todos los delitos\u201d.<\/span><\/p>\n<p><span style=\"font-family: verdana, geneva; font-size: 10pt;\">Reconoci\u00f3 que, desafortunadamente, se han dado algunos eventos en la regi\u00f3n Tula-Tepeji de secuestros, pero que ese es un tema de la Procuradur\u00eda por lo que no ten\u00eda el dato de cu\u00e1ntos plagios se han dado, pero que en lo que compete a la Secretar\u00eda de Seguridad P\u00fablica se han dado importantes detenciones, lo que ha permitido combatir ese hecho il\u00edcito.<\/span><\/p>\n<p><span style=\"font-family: verdana, geneva; font-size: 10pt;\">Al comentarle que la ciudadan\u00eda no cree en las estad\u00edsticas, refiri\u00f3: \u201corganismos internacionales y nacionales han se\u00f1alado a Hidalgo como uno de los estados m\u00e1s seguros y pac\u00edficos de M\u00e9xico; esas cifras no se pueden manipular\u201d.<\/span><\/p>\n<p><span style=\"font-family: verdana, geneva; font-size: 10pt;\">Coment\u00f3 que la zona de Tula es una de la las de mayor riesgo por su cercan\u00eda con otras entidades federativas, pero que para ello se trabaja en coordinaci\u00f3n con la diferentes dependencias encargadas de la seguridad y que se cuenta con el apoyo de la 18va zona Militar la cual participa en la BOM.<\/span><\/p>\n<p><span style=\"font-family: verdana, geneva; font-size: 10pt;\">Alfredo Ahedo, sobre las denuncias de la ciudadan\u00eda en cuanto a los actos de corrupci\u00f3n de los cuerpos polic\u00edacos durante los retenes, asegur\u00f3 que \u00e9stos no son tolerados bajo ninguna circunstancia y que prueba de ello es que varios elementos polic\u00edacos y servidores p\u00fablicos vinculados con la seguridad han sido puestos a disposici\u00f3n de la autoridad correspondiente. Hizo un llamado a los presidentes municipales para que dejen de ver la seguridad p\u00fablica como un tema pol\u00edtico, por lo que coment\u00f3 se trabaja de manera coordinada\u00a0 a trav\u00e9s del programa de Coordinaci\u00f3n y Colaboraci\u00f3n tendiente al mando \u00fanico el cual ha dado excelentes resultados.<\/span><\/p>\n<p><span style=\"font-family: verdana, geneva; font-size: 10pt;\">Record\u00f3 que de los 84 municipios del estado 50 ya han firmado el convenio de Coordinaci\u00f3n y Colaboraci\u00f3n. Adelant\u00f3 que el municipio de Tula est\u00e1 entre los pr\u00f3ximos a firmar, pero aclar\u00f3 que todav\u00eda no se trata del mando \u00fanico toda vez que para eso hacen falta que se aprueben algunas reformas.<\/span><\/p>\n<p><span style=\"font-family: verdana, geneva; font-size: 10pt;\">Precis\u00f3 que al firmarse el convenio de Coordinaci\u00f3n y Colaboraci\u00f3n se da de alta a los uniformados en la polic\u00eda estatal de manera que se lleve una frecuencia, adem\u00e1s de que se refuerzan varias de las acciones para mejorar la seguridad de la poblaci\u00f3n.<\/span><\/p>\n<p><span style=\"font-family: verdana, geneva; font-size: 10pt;\">Neg\u00f3 que la Secretar\u00eda de Seguridad P\u00fablica en lo que va de su gesti\u00f3n (dos a\u00f1os y medio) se tenga alguna recomendaci\u00f3n por parte de la Comisi\u00f3n de Derechos Humanos, sino que han sido propuestas de soluci\u00f3n.<\/span><\/p>\n<p><span style=\"font-family: verdana, geneva; font-size: 10pt;\">Finalmente, dijo que la Secretar\u00eda de Seguridad P\u00fablica a trav\u00e9s de todas las corporaciones se mantienen en operativo constante para brindar a la ciudadan\u00eda la seguridad que se merece.<\/span><\/p>\n<p><span style=\"font-family: verdana, geneva; font-size: 10pt;\">Alrededor de las 11:30 luego de que a los medios de comunicaci\u00f3n se les permitiera tomar algunas gr\u00e1ficas del evento se dio inicio a la reuni\u00f3n del Grupo de Coordinaci\u00f3n Interinstitucional en la que se tocar\u00edan temas de estrategias para combatir la incidencia delictiva.<\/span><\/p>\n","protected":false},"excerpt":{"rendered":"<p>Tula de Allende Alfredo Ahedo Mayorga, secretario de Seguridad P\u00fablica en el estado, previo a encabezar en Tula la reuni\u00f3n del Grupo de Coordinaci\u00f3n Interinstitucional asegur\u00f3 en entrevista que el \u00edndice delictivo en la regi\u00f3n Tula-Tepeji, va a la baja y que la instalaci\u00f3n de la Base de Operaciones Mixtas (BOM) es para reforzar la [&hellip;]<\/p>\n","protected":false},"author":1,"featured_media":0,"comment_status":"open","ping_status":"open","sticky":false,"template":"","format":"standard","meta":{"footnotes":""},"categories":[40],"tags":[],"class_list":["post-5837","post","type-post","status-publish","format-standard","hentry","category-region"],"_links":{"self":[{"href":"https:\/\/plazajuarez.mx\/historico\/wp-json\/wp\/v2\/posts\/5837","targetHints":{"allow":["GET"]}}],"collection":[{"href":"https:\/\/plazajuarez.mx\/historico\/wp-json\/wp\/v2\/posts"}],"about":[{"href":"https:\/\/plazajuarez.mx\/historico\/wp-json\/wp\/v2\/types\/post"}],"author":[{"embeddable":true,"href":"https:\/\/plazajuarez.mx\/historico\/wp-json\/wp\/v2\/users\/1"}],"replies":[{"embeddable":true,"href":"https:\/\/plazajuarez.mx\/historico\/wp-json\/wp\/v2\/comments?post=5837"}],"version-history":[{"count":0,"href":"https:\/\/plazajuarez.mx\/historico\/wp-json\/wp\/v2\/posts\/5837\/revisions"}],"wp:attachment":[{"href":"https:\/\/plazajuarez.mx\/historico\/wp-json\/wp\/v2\/media?parent=5837"}],"wp:term":[{"taxonomy":"category","embeddable":true,"href":"https:\/\/plazajuarez.mx\/historico\/wp-json\/wp\/v2\/categories?post=5837"},{"taxonomy":"post_tag","embeddable":true,"href":"https:\/\/plazajuarez.mx\/historico\/wp-json\/wp\/v2\/tags?post=5837"}],"curies":[{"name":"wp","href":"https:\/\/api.w.org\/{rel}","templated":true}]}}