{"id":58363,"date":"2018-03-06T05:33:34","date_gmt":"2018-03-06T05:33:34","guid":{"rendered":"http:\/\/plazajuarez.mx\/index\/index.php\/2018\/03\/06\/lanzan-convocatoria-para-asistir-a-master-class-con-guillermo-del-toro\/"},"modified":"2018-03-06T05:33:34","modified_gmt":"2018-03-06T05:33:34","slug":"lanzan-convocatoria-para-asistir-a-master-class-con-guillermo-del-toro","status":"publish","type":"post","link":"https:\/\/plazajuarez.mx\/historico\/lanzan-convocatoria-para-asistir-a-master-class-con-guillermo-del-toro\/","title":{"rendered":"Lanzan convocatoria para asistir a Master Class con Guillermo del Toro"},"content":{"rendered":"<p>El Conjunto de Artes Esc\u00e9nicas te dar\u00e1 la oportunidad de asistir a la charla que ofrecer\u00e1 el ganador del Oscar<\/p>\n<p>  <!--more-->  <\/p>\n<p>\u00bfQuieres asistir a la Master Class de Guillermo Del Toro titulada &#8220;De Geometr\u00eda a La Forma del Agua&#8221; que ofrecer\u00e1 en el marco de la #FICG33?<br \/>El Conjunto de Artes Esc\u00e9nicas lanzar\u00e1 una convocatoria este mi\u00e9rcoles para que obtengas un pase sencillo para la charla que se llevar\u00e1 a cabo el s\u00e1bado a las 16:00 horas en la Sala Pl\u00e1cido Domingo.<br \/>El cupo de la pl\u00e1tica tendr\u00e1 como l\u00edmite mil 800 personas.<br \/>El cineasta tapat\u00edo estar\u00e1 presente en la edici\u00f3n 33 del Festival de Cine de Guadalajara para inaugurar la Sala de la Cineteca FICG que llevar\u00e1 su nombre.<br \/>&#8220;La forma del agua&#8221;, el m\u00e1s reciente trabajo de Del Toro, se adjudic\u00f3 cuatro premios Oscar, incluido mejor director y mejor pel\u00edcula.<\/p>\n","protected":false},"excerpt":{"rendered":"<p>El Conjunto de Artes Esc\u00e9nicas te dar\u00e1 la oportunidad de asistir a la charla que ofrecer\u00e1 el ganador del Oscar<\/p>\n","protected":false},"author":93,"featured_media":0,"comment_status":"open","ping_status":"open","sticky":false,"template":"","format":"standard","meta":{"footnotes":""},"categories":[38],"tags":[],"class_list":["post-58363","post","type-post","status-publish","format-standard","hentry","category-show"],"_links":{"self":[{"href":"https:\/\/plazajuarez.mx\/historico\/wp-json\/wp\/v2\/posts\/58363","targetHints":{"allow":["GET"]}}],"collection":[{"href":"https:\/\/plazajuarez.mx\/historico\/wp-json\/wp\/v2\/posts"}],"about":[{"href":"https:\/\/plazajuarez.mx\/historico\/wp-json\/wp\/v2\/types\/post"}],"author":[{"embeddable":true,"href":"https:\/\/plazajuarez.mx\/historico\/wp-json\/wp\/v2\/users\/93"}],"replies":[{"embeddable":true,"href":"https:\/\/plazajuarez.mx\/historico\/wp-json\/wp\/v2\/comments?post=58363"}],"version-history":[{"count":0,"href":"https:\/\/plazajuarez.mx\/historico\/wp-json\/wp\/v2\/posts\/58363\/revisions"}],"wp:attachment":[{"href":"https:\/\/plazajuarez.mx\/historico\/wp-json\/wp\/v2\/media?parent=58363"}],"wp:term":[{"taxonomy":"category","embeddable":true,"href":"https:\/\/plazajuarez.mx\/historico\/wp-json\/wp\/v2\/categories?post=58363"},{"taxonomy":"post_tag","embeddable":true,"href":"https:\/\/plazajuarez.mx\/historico\/wp-json\/wp\/v2\/tags?post=58363"}],"curies":[{"name":"wp","href":"https:\/\/api.w.org\/{rel}","templated":true}]}}