{"id":5835,"date":"2015-05-30T05:00:00","date_gmt":"2015-05-30T05:00:00","guid":{"rendered":"http:\/\/plazajuarez.mx\/index\/index.php\/2015\/05\/30\/hidalgo-en-camino-a-convertirse-el-estado-mas-seguro-del-pais-ahedo-mayorga\/"},"modified":"2015-05-30T05:00:00","modified_gmt":"2015-05-30T05:00:00","slug":"hidalgo-en-camino-a-convertirse-el-estado-mas-seguro-del-pais-ahedo-mayorga","status":"publish","type":"post","link":"https:\/\/plazajuarez.mx\/historico\/hidalgo-en-camino-a-convertirse-el-estado-mas-seguro-del-pais-ahedo-mayorga\/","title":{"rendered":"Hidalgo en camino a convertirse el estado m\u00e1s seguro del pa\u00eds: Ahedo Mayorga"},"content":{"rendered":"<p><span style=\"font-family: verdana, geneva; font-size: 10pt;\">Alfredo Ahedo Mayorga, secretario de Seguridad P\u00fablica en Hidalgo, asegur\u00f3 que gracias ala efectiva coordinaci\u00f3n entre los tres niveles de gobierno, Hidalgo est\u00e1 \u201cen camino a convertirse en la entidad m\u00e1s segura y pac\u00edfica del pa\u00eds\u201d.<\/span><\/p>\n<p>  <!--more-->  <\/p>\n<p>\u00a0<\/p>\n<p><span style=\"font-family: verdana, geneva; font-size: 10pt;\">\u00a0<\/span><\/p>\n<p><span style=\"font-family: verdana, geneva; font-size: 10pt;\">Lo anterior durante la reuni\u00f3n del Grupo de Coordinaci\u00f3n Interinstitucional para la regi\u00f3n Tula-Tepeji, en donde estuvieron presentes alcaldes y representantes de 12 ayuntamiento; durante el encuentro Ahedo Mayorga\u00a0 se refiri\u00f3 a todos los indicadores delictivos reportados en el estado y que presentan una disminuci\u00f3n clara y significativa como resultado del intercambio de informaci\u00f3n entre los tres niveles de gobierno.<\/span><\/p>\n<p><span style=\"font-family: verdana, geneva; font-size: 10pt;\">\u00a0<\/span><\/p>\n<p><span style=\"font-family: verdana, geneva; font-size: 10pt;\">Por su parte, los subsecretarios de Prevenci\u00f3n del Delito y Coordinaci\u00f3n Institucional, Francisco Mayorga, as\u00ed como de Reinserci\u00f3n Social, Rodolfo Paredes Carbajal, se refirieron a la importancia trabajar tanto en la anticipaci\u00f3n de los delitos como en la rehabilitaci\u00f3n.<\/span><\/p>\n<p><span style=\"font-family: verdana, geneva; font-size: 10pt;\">\u00a0<\/span><\/p>\n<p><span style=\"font-family: verdana, geneva; font-size: 10pt;\">\u201cTenemos pol\u00edticas p\u00fablicas de alto impacto en los sectores sociales, aseguraron ambos subsecretarios, quienes presentaron sus cifras, al igual que los coordinadores de Seguridad Estatal, Roberto Cortero, as\u00ed como de Investigaci\u00f3n en Prevenci\u00f3n del Delito, David Torres.<\/span><\/p>\n<p><span style=\"font-family: verdana, geneva; font-size: 10pt;\">\u00a0<\/span><\/p>\n<p><span style=\"font-family: verdana, geneva; font-size: 10pt;\">En su oportunidad, Francisco Mart\u00ednez, director del Mando Coordinado Policial, se refiri\u00f3 a los alcances de este convenio de coordinaci\u00f3n y colaboraci\u00f3n al que ya se han sumado 50 de los 84 municipios hidalguenses.<\/span><\/p>\n<p><span style=\"font-family: verdana, geneva; font-size: 10pt;\">\u00a0<\/span><\/p>\n<p><span style=\"font-family: verdana, geneva; font-size: 10pt;\">En el encuentro que se llev\u00f3 a cabo en el auditorio municipal asistieron los nueve alcaldes de Ajacuba, Mario Pacheco; Atitalaquia, Paulino Jaime; Mixquiahuala, Isidoro Monroy; Progreso; Alfredo Z\u00fa\u00f1iga; Tepeji, Fernando Miranda; Tepetitl\u00e1n, Melchor Jim\u00e9nez; Tezontepec de Aldama; Isidoro Acosta; Tlahuelipan, Jaime Moreno y el anfitri\u00f3n de Tula de Allende, Jaime Jacobo Allende.<\/span><\/p>\n<p><span style=\"font-family: verdana, geneva; font-size: 10pt;\">\u00a0<\/span><\/p>\n","protected":false},"excerpt":{"rendered":"<p>Alfredo Ahedo Mayorga, secretario de Seguridad P\u00fablica en Hidalgo, asegur\u00f3 que gracias ala efectiva coordinaci\u00f3n entre los tres niveles de gobierno, Hidalgo est\u00e1 \u201cen camino a convertirse en la entidad m\u00e1s segura y pac\u00edfica del pa\u00eds\u201d.<\/p>\n","protected":false},"author":1,"featured_media":0,"comment_status":"open","ping_status":"open","sticky":false,"template":"","format":"standard","meta":{"footnotes":""},"categories":[37],"tags":[],"class_list":["post-5835","post","type-post","status-publish","format-standard","hentry","category-barandilla"],"_links":{"self":[{"href":"https:\/\/plazajuarez.mx\/historico\/wp-json\/wp\/v2\/posts\/5835","targetHints":{"allow":["GET"]}}],"collection":[{"href":"https:\/\/plazajuarez.mx\/historico\/wp-json\/wp\/v2\/posts"}],"about":[{"href":"https:\/\/plazajuarez.mx\/historico\/wp-json\/wp\/v2\/types\/post"}],"author":[{"embeddable":true,"href":"https:\/\/plazajuarez.mx\/historico\/wp-json\/wp\/v2\/users\/1"}],"replies":[{"embeddable":true,"href":"https:\/\/plazajuarez.mx\/historico\/wp-json\/wp\/v2\/comments?post=5835"}],"version-history":[{"count":0,"href":"https:\/\/plazajuarez.mx\/historico\/wp-json\/wp\/v2\/posts\/5835\/revisions"}],"wp:attachment":[{"href":"https:\/\/plazajuarez.mx\/historico\/wp-json\/wp\/v2\/media?parent=5835"}],"wp:term":[{"taxonomy":"category","embeddable":true,"href":"https:\/\/plazajuarez.mx\/historico\/wp-json\/wp\/v2\/categories?post=5835"},{"taxonomy":"post_tag","embeddable":true,"href":"https:\/\/plazajuarez.mx\/historico\/wp-json\/wp\/v2\/tags?post=5835"}],"curies":[{"name":"wp","href":"https:\/\/api.w.org\/{rel}","templated":true}]}}