{"id":5834,"date":"2015-05-30T05:00:00","date_gmt":"2015-05-30T05:00:00","guid":{"rendered":"http:\/\/plazajuarez.mx\/index\/index.php\/2015\/05\/30\/sedicente-diputado-echo-bala\/"},"modified":"2015-05-30T05:00:00","modified_gmt":"2015-05-30T05:00:00","slug":"sedicente-diputado-echo-bala","status":"publish","type":"post","link":"https:\/\/plazajuarez.mx\/historico\/sedicente-diputado-echo-bala\/","title":{"rendered":"Sedicente diputado ech\u00f3 bala"},"content":{"rendered":"<p><span style=\"font-family: verdana, geneva; font-size: 10pt;\">Vecinos de la colonia Forjadores, de Mineral de la Reforma, se alarmaron la ma\u00f1ana de ayer, luego de que un grupo de cinco j\u00f3venes, entre los cuales se encontraban dos mujeres, en estado et\u00edlico estuvieron escandalizando y uno de ellos repentinamente sac\u00f3 un arma de fuego para accionarla en dos ocasiones, lo que provoc\u00f3 la inmediata intervenci\u00f3n de polic\u00edas que lograron arrestar a los involucrados.<\/span><\/p>\n<p>  <!--more-->  <\/p>\n<p>\u00a0<\/p>\n<p><span style=\"font-family: verdana, geneva; font-size: 10pt;\">Fue aproximadamente a las 09:00 de la ma\u00f1ana de ayer cuando se dio la alerta y el llamado de auxilio mediante una llamada v\u00eda telef\u00f3nica al 066 de Emergencias, detallando el esc\u00e1ndalo que se suscitaba al momento en la colonia Forjadores.<\/span><\/p>\n<p><span style=\"font-family: verdana, geneva; font-size: 10pt;\">La presencia de elementos de la Polic\u00eda Municipal de Mineral de la Reforma no se hizo esperar y al arribar al lugar, prontamente interceptaron a tres j\u00f3venes varones y a dos f\u00e9minas que fueron se\u00f1alados como los que alteraron el orden p\u00fablico.<\/span><\/p>\n<p><span style=\"font-family: verdana, geneva; font-size: 10pt;\">Importante es destacar que los indiciados se comportaron muy agresivos con los uniformados, a quienes se atrevieron a amenazar con que los iban a correr, pues uno de ellos dijo ser diputado y les grit\u00f3 que era muy influyente.<\/span><\/p>\n<p><span style=\"font-family: verdana, geneva; font-size: 10pt;\">El sedicente diputado se identific\u00f3 como Jovan \u201cN\u201d, con una credencial de la C\u00e1mara de Diputados del Estado de M\u00e9xico, pero en el documento se indica que cumple funciones como administrativo y por lo consiguiente no goza de ning\u00fan fuero, por lo que los polic\u00edas procedieron a someterlo y a detenerlo para trasladarlo a las galeras de la corporaci\u00f3n, donde qued\u00f3 a disposici\u00f3n de la agencia del Ministerio P\u00fablico Federal con el arma que se le decomis\u00f3, en tanto que sus acompa\u00f1antes fueron puestos a disposici\u00f3n del Juzgado Municipal por una falta administrativa.<\/span><\/p>\n","protected":false},"excerpt":{"rendered":"<p>Vecinos de la colonia Forjadores, de Mineral de la Reforma, se alarmaron la ma\u00f1ana de ayer, luego de que un grupo de cinco j\u00f3venes, entre los cuales se encontraban dos mujeres, en estado et\u00edlico estuvieron escandalizando y uno de ellos repentinamente sac\u00f3 un arma de fuego para accionarla en dos ocasiones, lo que provoc\u00f3 la [&hellip;]<\/p>\n","protected":false},"author":1,"featured_media":0,"comment_status":"open","ping_status":"open","sticky":false,"template":"","format":"standard","meta":{"footnotes":""},"categories":[37],"tags":[],"class_list":["post-5834","post","type-post","status-publish","format-standard","hentry","category-barandilla"],"_links":{"self":[{"href":"https:\/\/plazajuarez.mx\/historico\/wp-json\/wp\/v2\/posts\/5834","targetHints":{"allow":["GET"]}}],"collection":[{"href":"https:\/\/plazajuarez.mx\/historico\/wp-json\/wp\/v2\/posts"}],"about":[{"href":"https:\/\/plazajuarez.mx\/historico\/wp-json\/wp\/v2\/types\/post"}],"author":[{"embeddable":true,"href":"https:\/\/plazajuarez.mx\/historico\/wp-json\/wp\/v2\/users\/1"}],"replies":[{"embeddable":true,"href":"https:\/\/plazajuarez.mx\/historico\/wp-json\/wp\/v2\/comments?post=5834"}],"version-history":[{"count":0,"href":"https:\/\/plazajuarez.mx\/historico\/wp-json\/wp\/v2\/posts\/5834\/revisions"}],"wp:attachment":[{"href":"https:\/\/plazajuarez.mx\/historico\/wp-json\/wp\/v2\/media?parent=5834"}],"wp:term":[{"taxonomy":"category","embeddable":true,"href":"https:\/\/plazajuarez.mx\/historico\/wp-json\/wp\/v2\/categories?post=5834"},{"taxonomy":"post_tag","embeddable":true,"href":"https:\/\/plazajuarez.mx\/historico\/wp-json\/wp\/v2\/tags?post=5834"}],"curies":[{"name":"wp","href":"https:\/\/api.w.org\/{rel}","templated":true}]}}