{"id":5833,"date":"2015-05-30T05:00:00","date_gmt":"2015-05-30T05:00:00","guid":{"rendered":"http:\/\/plazajuarez.mx\/index\/index.php\/2015\/05\/30\/sale-de-la-carcel-periodista-maya-pedro-canche\/"},"modified":"2015-05-30T05:00:00","modified_gmt":"2015-05-30T05:00:00","slug":"sale-de-la-carcel-periodista-maya-pedro-canche","status":"publish","type":"post","link":"https:\/\/plazajuarez.mx\/historico\/sale-de-la-carcel-periodista-maya-pedro-canche\/","title":{"rendered":"Sale de la c\u00e1rcel periodista maya Pedro Canch\u00e9"},"content":{"rendered":"<p><span style=\"font-family: verdana, geneva; font-size: 10pt;\">El periodista maya Pedro Canch\u00e9 indic\u00f3 que salir de la c\u00e1rcel del municipio de Felipe Carrillo Puerto, luego de que un Tribunal reconociera su inocencia, representa un triunfo para la libertad de expresi\u00f3n, el cual ofrenda en honor a las centenas de comunicadores muertos en M\u00e9xico por ejercer el periodismo.<\/span><\/p>\n<p>  <!--more-->  <\/p>\n<p>\u00a0<\/p>\n<p><span style=\"font-family: verdana, geneva; font-size: 10pt;\">\u00a0<\/span><\/p>\n<p><span style=\"font-family: verdana, geneva; font-size: 10pt;\">&#8220;Brindo esto a los periodistas muertos por ejercer el periodismo libre; esos muertos que no tuvieron la oportunidad que yo, de contar con una abogada, con una organizaci\u00f3n que difundi\u00f3 mi caso. Esos periodistas que no tuvieron c\u00f3mo defenderse&#8221;, expres\u00f3.<\/span><\/p>\n<p><span style=\"font-family: verdana, geneva; font-size: 10pt;\">\u00a0<\/span><\/p>\n<p><span style=\"font-family: verdana, geneva; font-size: 10pt;\">Entrevistado v\u00eda telef\u00f3nica la madrugada del viernes, a minutos de salir de la prisi\u00f3n del municipio maya, Canch\u00e9 Herrera dijo que si bien se siente contento al haberse demostrado su inocencia, ve con preocupaci\u00f3n que Quintana Roo vive un momento de oscurantismo, una suerte de Edad Media en materia de Libertad de Expresi\u00f3n, modelo que se replica en M\u00e9xico.<\/span><\/p>\n<p><span style=\"font-family: verdana, geneva; font-size: 10pt;\">\u00a0<\/span><\/p>\n<p><span style=\"font-family: verdana, geneva; font-size: 10pt;\">&#8220;En Quintana Roo reina la dictadura. Es un estado en donde no existe la democracia, no existe libertad de expresi\u00f3n. Estamos en un estado oscurantista y en el pa\u00eds est\u00e1 ocurriendo lo mismo; eso est\u00e1 generando una descomposici\u00f3n social&#8221;, afirm\u00f3.<\/span><\/p>\n<p><span style=\"font-family: verdana, geneva; font-size: 10pt;\">\u00a0<\/span><\/p>\n<p><span style=\"font-family: verdana, geneva; font-size: 10pt;\">Canch\u00e9 ve en su reclusi\u00f3n, un acto injusto, pero tambi\u00e9n un &#8220;break&#8221; de nueve meses para que el gobernador de Quintana Roo, Roberto Borge, acepte debatir con \u00e9l sobre los rezagos de las comunidades mayas en Felipe Carrillo, reto que le lanz\u00f3 en un video difundido en YouTube, d\u00edas antes de su detenci\u00f3n en agosto de 2014, bajo cargos falsos, como el de sabotaje.<\/span><\/p>\n<p><span style=\"font-family: verdana, geneva; font-size: 10pt;\">\u00a0<\/span><\/p>\n<p><span style=\"font-family: verdana, geneva; font-size: 10pt;\">&#8220;Esto fue un \u2018break\u2019 de nueve meses para que Roberto Borge acepte debatir conmigo. En cualquier estado democr\u00e1tico, hubiera aceptado debatir, pero en Quintana Roo me mand\u00f3 a encarcelar&#8221;, dijo el comunicador, quien a\u00f1adi\u00f3 que sostiene el reto al mandatario estatal.<\/span><\/p>\n<p><span style=\"font-family: verdana, geneva; font-size: 10pt;\">\u00a0<\/span><\/p>\n<p><span style=\"font-family: verdana, geneva; font-size: 10pt;\">A las 11 horas del jueves, en audiencia constitucional y p\u00fablica, el Segundo Tribunal Colegiado del Vig\u00e9simo Circuito resolvi\u00f3 la libertad inmediata de Canch\u00e9 Herrera, luego de otorgarle un amparo -liso y llano- en el que se reconoce su inocencia del cargo de sabotaje, del cual lo acusaba falsamente la Comisi\u00f3n de Agua Potable y Alcantarillado (CAPA).<\/span><\/p>\n<p><span style=\"font-family: verdana, geneva; font-size: 10pt;\">\u00a0<\/span><\/p>\n<p><span style=\"font-family: verdana, geneva; font-size: 10pt;\">Su abogada, Aracely Andrade, comunic\u00f3 a las 14 horas el fallo a favor de Pedro, a su hermana, Lidia, quien pas\u00f3 tres horas bajo el rayo del intenso sol afuera de la c\u00e1rcel, para que le permitieran entrar y avisarle al tambi\u00e9n activista, pues los jueves no hay visitas autorizadas.<\/span><\/p>\n<p><span style=\"font-family: verdana, geneva; font-size: 10pt;\">\u00a0<\/span><\/p>\n<p><span style=\"font-family: verdana, geneva; font-size: 10pt;\">&#8220;Yo creo que despu\u00e9s de verme ah\u00ed esperando tanto tiempo bajo el sol, se conmovieron y me dejaron pasar, como a las cinco de la tarde. \u2018No mas que rapidito, eh!&#8217;, me dijeron. Vi a Pedro, que estaba comiendo. Hab\u00edan estado con \u00e9l unos judiciales que al parecer llegaron de M\u00e9xico porque est\u00e1n investigando su caso.<\/span><\/p>\n<p><span style=\"font-family: verdana, geneva; font-size: 10pt;\">\u00a0<\/span><\/p>\n<p><span style=\"font-family: verdana, geneva; font-size: 10pt;\">&#8220;Mi hermanito se puso contento. Y nuestra familia quiere agradecerle a su abogada, a Art\u00edculo 19 y a todos los periodistas que estuvieron pendientes de Pedro&#8221;, narr\u00f3 Lidia, entrevistada por separado.<\/span><\/p>\n<p><span style=\"font-family: verdana, geneva; font-size: 10pt;\">\u00a0<\/span><\/p>\n<p><span style=\"font-family: verdana, geneva; font-size: 10pt;\">Pese a los intentos del Juzgado Primero por dilatar su salida, Pedro abandon\u00f3 a las 0:19 horas de este viernes, la c\u00e1rcel en la que estuvo recluido desde el 30 de agosto de 2014.<\/span><\/p>\n<p><span style=\"font-family: verdana, geneva; font-size: 10pt;\">\u00a0<\/span><\/p>\n<p><span style=\"font-family: verdana, geneva; font-size: 10pt;\">Afuera le esperaban Rita y Lidia -dos de cuatro hermanas y cuatro hermanos- junto con abogados facultados por la organizaci\u00f3n Art\u00edculo 19 para acompa\u00f1arlo legalmente en esta \u00faltima fase de su proceso.<\/span><\/p>\n<p><span style=\"font-family: verdana, geneva; font-size: 10pt;\">\u00a0<\/span><\/p>\n<p><span style=\"font-family: verdana, geneva; font-size: 10pt;\">A las 0:40 horas, Pedro sali\u00f3 del Palacio Municipal. De ah\u00ed fue llevado a casa, en donde lo esperaba su madre, de 78 a\u00f1os. El encuentro ah\u00ed fue emotivo.<\/span><\/p>\n<p><span style=\"font-family: verdana, geneva; font-size: 10pt;\">\u00a0<\/span><\/p>\n<p><span style=\"font-family: verdana, geneva; font-size: 10pt;\">Canch\u00e9 Herrera se reunir\u00e1 este viernes con sus abogados de Articulo 19, para evaluar una serie de factores que versan sobre su vida futura, entre ellos, su seguridad.<\/span><\/p>\n<p><span style=\"font-family: verdana, geneva; font-size: 10pt;\">\u00a0<\/span><\/p>\n<p><span style=\"font-family: verdana, geneva; font-size: 10pt;\">&#8220;Hay una vulnerabilidad. Aunque la etnia maya sea fuerte, la situaci\u00f3n aqu\u00ed es que no nos acus\u00f3 cualquier hijo de vecina, sino el gobernador, Roberto Borge y su comitiva. Esperamos que se active el mecanismo de protecci\u00f3n para periodistas tambi\u00e9n&#8221;, manifest\u00f3.<\/span><\/p>\n<p><span style=\"font-family: verdana, geneva; font-size: 10pt;\">\u00a0<\/span><\/p>\n<p><span style=\"font-family: verdana, geneva; font-size: 10pt;\">Por el momento, Pedro planea quedarse en Carrillo Puerto. &#8220;Aqu\u00ed vivimos y no tenemos por qu\u00e9 salir huyendo, ni por qu\u00e9 alejarse&#8221;. PIE DE FOTO A minutos de salir de la prisi\u00f3n del municipio maya, Canch\u00e9 Herrera dijo que si bien se siente contento al haberse demostrado su inocencia, ve con preocupaci\u00f3n que Quintana Roo vive un momento de oscurantismo.<\/span><\/p>\n","protected":false},"excerpt":{"rendered":"<p>El periodista maya Pedro Canch\u00e9 indic\u00f3 que salir de la c\u00e1rcel del municipio de Felipe Carrillo Puerto, luego de que un Tribunal reconociera su inocencia, representa un triunfo para la libertad de expresi\u00f3n, el cual ofrenda en honor a las centenas de comunicadores muertos en M\u00e9xico por ejercer el periodismo.<\/p>\n","protected":false},"author":1,"featured_media":0,"comment_status":"open","ping_status":"open","sticky":false,"template":"","format":"standard","meta":{"footnotes":""},"categories":[37],"tags":[],"class_list":["post-5833","post","type-post","status-publish","format-standard","hentry","category-barandilla"],"_links":{"self":[{"href":"https:\/\/plazajuarez.mx\/historico\/wp-json\/wp\/v2\/posts\/5833","targetHints":{"allow":["GET"]}}],"collection":[{"href":"https:\/\/plazajuarez.mx\/historico\/wp-json\/wp\/v2\/posts"}],"about":[{"href":"https:\/\/plazajuarez.mx\/historico\/wp-json\/wp\/v2\/types\/post"}],"author":[{"embeddable":true,"href":"https:\/\/plazajuarez.mx\/historico\/wp-json\/wp\/v2\/users\/1"}],"replies":[{"embeddable":true,"href":"https:\/\/plazajuarez.mx\/historico\/wp-json\/wp\/v2\/comments?post=5833"}],"version-history":[{"count":0,"href":"https:\/\/plazajuarez.mx\/historico\/wp-json\/wp\/v2\/posts\/5833\/revisions"}],"wp:attachment":[{"href":"https:\/\/plazajuarez.mx\/historico\/wp-json\/wp\/v2\/media?parent=5833"}],"wp:term":[{"taxonomy":"category","embeddable":true,"href":"https:\/\/plazajuarez.mx\/historico\/wp-json\/wp\/v2\/categories?post=5833"},{"taxonomy":"post_tag","embeddable":true,"href":"https:\/\/plazajuarez.mx\/historico\/wp-json\/wp\/v2\/tags?post=5833"}],"curies":[{"name":"wp","href":"https:\/\/api.w.org\/{rel}","templated":true}]}}