{"id":5832,"date":"2015-05-30T05:00:00","date_gmt":"2015-05-30T05:00:00","guid":{"rendered":"http:\/\/plazajuarez.mx\/index\/index.php\/2015\/05\/30\/lluvia-ocasiona-2-muertes-y-derriba-al-menos-80-arboles\/"},"modified":"2015-05-30T05:00:00","modified_gmt":"2015-05-30T05:00:00","slug":"lluvia-ocasiona-2-muertes-y-derriba-al-menos-80-arboles","status":"publish","type":"post","link":"https:\/\/plazajuarez.mx\/historico\/lluvia-ocasiona-2-muertes-y-derriba-al-menos-80-arboles\/","title":{"rendered":"Lluvia ocasiona 2 muertes y derriba al menos 80 \u00e1rboles"},"content":{"rendered":"<p><span style=\"font-family: verdana, geneva; font-size: 10pt;\">El director del Heroico Cuerpo de Bomberos, Ra\u00fal Esquivel, inform\u00f3 que la intensa lluvia del jueves ocasion\u00f3 la muerte de dos personas, derrib\u00f3 al menos 80 \u00e1rboles y se registraron 57 inundaciones en la capital del pa\u00eds.<\/span><\/p>\n<p>  <!--more-->  <\/p>\n<p>\u00a0<\/p>\n<p><span style=\"font-family: verdana, geneva; font-size: 10pt;\">\u00a0<\/span><\/p>\n<p><span style=\"font-family: verdana, geneva; font-size: 10pt;\">A trav\u00e9s de su cuenta de Twitter, Esquivel indic\u00f3 que durante las precipitaciones tambi\u00e9n atendieron a 11 llamados de servicio por el Operativo Tormenta, cayeron 6 cableados en la v\u00eda p\u00fablica y se retiraron cinco lonas de espectacular desprendidas.<\/span><\/p>\n<p><span style=\"font-family: verdana, geneva; font-size: 10pt;\">\u00a0<\/span><\/p>\n<p><span style=\"font-family: verdana, geneva; font-size: 10pt;\">Esquivel mencion\u00f3 que durante la fuerte lluvia recibieron los llamados para rescatar un cad\u00e1ver y adem\u00e1s atender un derrumbe.<\/span><\/p>\n<p><span style=\"font-family: verdana, geneva; font-size: 10pt;\">\u00a0<\/span><\/p>\n<p><span style=\"font-family: verdana, geneva; font-size: 10pt;\">Una mujer perdi\u00f3 la vida mientras esperaba el troleb\u00fas en la estaci\u00f3n Rep\u00fablica de Per\u00fa, al caerle una barda de un edificio deteriorado, en la colonia Centro.<\/span><\/p>\n<p><span style=\"font-family: verdana, geneva; font-size: 10pt;\">\u00a0<\/span><\/p>\n<p><span style=\"font-family: verdana, geneva; font-size: 10pt;\">La v\u00edctima, junto con al menos ocho personas, esperaba el transporte p\u00fablico frente al edificio ubicado en Eje Central n\u00famero 11.<\/span><\/p>\n<p><span style=\"font-family: verdana, geneva; font-size: 10pt;\">\u00a0<\/span><\/p>\n<p><span style=\"font-family: verdana, geneva; font-size: 10pt;\">En Cuicuilco, la ca\u00edda de un \u00e1rbol ocasion\u00f3 que una persona de 77 a\u00f1os falleciera en el cruce de las avenidas San Fernando e Insurgentes, en la colonia Pe\u00f1a Pobre, delegaci\u00f3n Tlalpan.<\/span><\/p>\n<p><span style=\"font-family: verdana, geneva; font-size: 10pt;\">\u00a0<\/span><\/p>\n<p><span style=\"font-family: verdana, geneva; font-size: 10pt;\">Durante la tormenta el\u00e9ctrica de anoche fue captado por las web cams de M\u00e9xico un impresionante rayo, el cual catalogaron como &#8220;el rayo del terror&#8221; en Santa Fe. PIE DE FOTO La ca\u00edda de un \u00e1rbol ocasion\u00f3 que una persona de 77 a\u00f1os falleciera en el cruce de las avenidas San Fernando e Insurgentes, en la colonia Pe\u00f1a Pobre, delegaci\u00f3n Tlalpan.<\/span><\/p>\n<p><span style=\"font-family: verdana, geneva; font-size: 10pt;\">\u00a0<\/span><\/p>\n","protected":false},"excerpt":{"rendered":"<p>El director del Heroico Cuerpo de Bomberos, Ra\u00fal Esquivel, inform\u00f3 que la intensa lluvia del jueves ocasion\u00f3 la muerte de dos personas, derrib\u00f3 al menos 80 \u00e1rboles y se registraron 57 inundaciones en la capital del pa\u00eds.<\/p>\n","protected":false},"author":1,"featured_media":0,"comment_status":"open","ping_status":"open","sticky":false,"template":"","format":"standard","meta":{"footnotes":""},"categories":[37],"tags":[],"class_list":["post-5832","post","type-post","status-publish","format-standard","hentry","category-barandilla"],"_links":{"self":[{"href":"https:\/\/plazajuarez.mx\/historico\/wp-json\/wp\/v2\/posts\/5832","targetHints":{"allow":["GET"]}}],"collection":[{"href":"https:\/\/plazajuarez.mx\/historico\/wp-json\/wp\/v2\/posts"}],"about":[{"href":"https:\/\/plazajuarez.mx\/historico\/wp-json\/wp\/v2\/types\/post"}],"author":[{"embeddable":true,"href":"https:\/\/plazajuarez.mx\/historico\/wp-json\/wp\/v2\/users\/1"}],"replies":[{"embeddable":true,"href":"https:\/\/plazajuarez.mx\/historico\/wp-json\/wp\/v2\/comments?post=5832"}],"version-history":[{"count":0,"href":"https:\/\/plazajuarez.mx\/historico\/wp-json\/wp\/v2\/posts\/5832\/revisions"}],"wp:attachment":[{"href":"https:\/\/plazajuarez.mx\/historico\/wp-json\/wp\/v2\/media?parent=5832"}],"wp:term":[{"taxonomy":"category","embeddable":true,"href":"https:\/\/plazajuarez.mx\/historico\/wp-json\/wp\/v2\/categories?post=5832"},{"taxonomy":"post_tag","embeddable":true,"href":"https:\/\/plazajuarez.mx\/historico\/wp-json\/wp\/v2\/tags?post=5832"}],"curies":[{"name":"wp","href":"https:\/\/api.w.org\/{rel}","templated":true}]}}