{"id":5831,"date":"2015-05-30T05:00:00","date_gmt":"2015-05-30T05:00:00","guid":{"rendered":"http:\/\/plazajuarez.mx\/index\/index.php\/2015\/05\/30\/hombre-armado-amenaza-a-reportero\/"},"modified":"2015-05-30T05:00:00","modified_gmt":"2015-05-30T05:00:00","slug":"hombre-armado-amenaza-a-reportero","status":"publish","type":"post","link":"https:\/\/plazajuarez.mx\/historico\/hombre-armado-amenaza-a-reportero\/","title":{"rendered":"Hombre armado amenaza a reportero"},"content":{"rendered":"<p><span style=\"font-family: verdana, geneva; font-size: 10pt;\">Un sujeto armado amenaz\u00f3 a un reportero del peri\u00f3dico El Buen Tono, que circula en la regi\u00f3n monta\u00f1osa central de Veracruz. La amenaza directa fue en contra del reportero Ra\u00fal Rodr\u00edguez, corresponsal de dicho peri\u00f3dico en el municipio de Cuitl\u00e1huac, donde hace una semana fue asesinado el ex alcalde panista, Ambrosio Borbonio.<\/span><\/p>\n<p>  <!--more-->  <\/p>\n<p>\u00a0<\/p>\n<p><span style=\"font-family: verdana, geneva; font-size: 10pt;\">\u00a0<\/span><\/p>\n<p><span style=\"font-family: verdana, geneva; font-size: 10pt;\">Los hechos fueron denunciados ante la Sub fiscal\u00eda del Estado, ubicada en el municipio de C\u00f3rdoba, donde se encuentran las oficinas centrales del rotativo.<\/span><\/p>\n<p><span style=\"font-family: verdana, geneva; font-size: 10pt;\">\u00a0<\/span><\/p>\n<p><span style=\"font-family: verdana, geneva; font-size: 10pt;\">De acuerdo con el reportero, alrededor de las 15:00 horas del jueves, cuando caminaba con direcci\u00f3n hacia el palacio municipal de Cuitl\u00e1huac, fue interceptado por un hombre a bordo de una motocicleta, quien se le acerc\u00f3 y tras advertirle que &#8220;le bajara a sus notas&#8221;, le mostr\u00f3 un arma de fuego.<\/span><\/p>\n<p><span style=\"font-family: verdana, geneva; font-size: 10pt;\">\u00a0<\/span><\/p>\n<p><span style=\"font-family: verdana, geneva; font-size: 10pt;\">&#8220;Me cerr\u00f3 el paso y primero me pregunt\u00f3 que estaba fuerte la calor, y despu\u00e9s me dijo: por cierto ya b\u00e1jale a tus notas. Se alz\u00f3 la playera y me ense\u00f1\u00f3 una pistola (&#8230;) Huy\u00f3 r\u00e1pidamente&#8221;, coment\u00f3.<\/span><\/p>\n<p><span style=\"font-family: verdana, geneva; font-size: 10pt;\">\u00a0<\/span><\/p>\n<p><span style=\"font-family: verdana, geneva; font-size: 10pt;\">Por la tarde, el reportero present\u00f3 una denuncia penal la cual qued\u00f3 asentada bajo la carpeta 1769\/2015 de la Sub fiscal\u00eda del Estado.<\/span><\/p>\n<p><span style=\"font-family: verdana, geneva; font-size: 10pt;\">\u00a0<\/span><\/p>\n<p><span style=\"font-family: verdana, geneva; font-size: 10pt;\">Tras el hecho, la Comisi\u00f3n Estatal para la Atenci\u00f3n y Protecci\u00f3n de los Periodistas urgi\u00f3 a las autoridades brindarle protecci\u00f3n al comunicador y a su familia.<\/span><\/p>\n<p><span style=\"font-family: verdana, geneva; font-size: 10pt;\">\u00a0<\/span><\/p>\n<p><span style=\"font-family: verdana, geneva; font-size: 10pt;\">Gobierno del estado puso a su disposici\u00f3n seguridad personal e inici\u00f3 las averiguaciones.<\/span><\/p>\n<p><span style=\"font-family: verdana, geneva; font-size: 10pt;\">\u00a0<\/span><\/p>\n","protected":false},"excerpt":{"rendered":"<p>Un sujeto armado amenaz\u00f3 a un reportero del peri\u00f3dico El Buen Tono, que circula en la regi\u00f3n monta\u00f1osa central de Veracruz. La amenaza directa fue en contra del reportero Ra\u00fal Rodr\u00edguez, corresponsal de dicho peri\u00f3dico en el municipio de Cuitl\u00e1huac, donde hace una semana fue asesinado el ex alcalde panista, Ambrosio Borbonio.<\/p>\n","protected":false},"author":1,"featured_media":0,"comment_status":"open","ping_status":"open","sticky":false,"template":"","format":"standard","meta":{"footnotes":""},"categories":[37],"tags":[],"class_list":["post-5831","post","type-post","status-publish","format-standard","hentry","category-barandilla"],"_links":{"self":[{"href":"https:\/\/plazajuarez.mx\/historico\/wp-json\/wp\/v2\/posts\/5831","targetHints":{"allow":["GET"]}}],"collection":[{"href":"https:\/\/plazajuarez.mx\/historico\/wp-json\/wp\/v2\/posts"}],"about":[{"href":"https:\/\/plazajuarez.mx\/historico\/wp-json\/wp\/v2\/types\/post"}],"author":[{"embeddable":true,"href":"https:\/\/plazajuarez.mx\/historico\/wp-json\/wp\/v2\/users\/1"}],"replies":[{"embeddable":true,"href":"https:\/\/plazajuarez.mx\/historico\/wp-json\/wp\/v2\/comments?post=5831"}],"version-history":[{"count":0,"href":"https:\/\/plazajuarez.mx\/historico\/wp-json\/wp\/v2\/posts\/5831\/revisions"}],"wp:attachment":[{"href":"https:\/\/plazajuarez.mx\/historico\/wp-json\/wp\/v2\/media?parent=5831"}],"wp:term":[{"taxonomy":"category","embeddable":true,"href":"https:\/\/plazajuarez.mx\/historico\/wp-json\/wp\/v2\/categories?post=5831"},{"taxonomy":"post_tag","embeddable":true,"href":"https:\/\/plazajuarez.mx\/historico\/wp-json\/wp\/v2\/tags?post=5831"}],"curies":[{"name":"wp","href":"https:\/\/api.w.org\/{rel}","templated":true}]}}