{"id":5830,"date":"2015-05-30T05:00:00","date_gmt":"2015-05-30T05:00:00","guid":{"rendered":"http:\/\/plazajuarez.mx\/index\/index.php\/2015\/05\/30\/rescatan-en-pachuca-a-nina-robada\/"},"modified":"2015-05-30T05:00:00","modified_gmt":"2015-05-30T05:00:00","slug":"rescatan-en-pachuca-a-nina-robada","status":"publish","type":"post","link":"https:\/\/plazajuarez.mx\/historico\/rescatan-en-pachuca-a-nina-robada\/","title":{"rendered":"Rescatan en Pachuca a ni\u00f1a robada"},"content":{"rendered":"<p>Luego de una intensa movilizaci\u00f3n policiaca y la intervenci\u00f3n de los agentes de la Procuradur\u00eda General de Justicia del Estado de M\u00e9xico, en coordinaci\u00f3n con los elementos pertenecientes a la Secretar\u00eda de Seguridad P\u00fablica de Hidalgo (SSPH), se logr\u00f3 la detenci\u00f3n de un sujeto acusado del robo de una menor de edad.<\/p>\n<p>  <!--more-->  <\/p>\n<p>\u00a0<\/p>\n<p><span style=\"font-family: verdana, geneva; font-size: 10pt;\">De acuerdo con la informaci\u00f3n proporcionada por la Procuradur\u00eda General de Justicia en el Estado de Hidalgo (PGJEH), el ahora detenido responde al nombre de Fidel Velasco P\u00e9rez y el pasado 27 de mayo, en la localidad de Los Berbechos, Villa del Carb\u00f3n en el Estado de M\u00e9xico, rob\u00f3 a la menor de s\u00f3lo seis a\u00f1os de edad.<\/span><\/p>\n<p><span style=\"font-family: verdana, geneva; font-size: 10pt;\">La fiscal\u00eda estatal apunt\u00f3 ayer, a trav\u00e9s de un comunicado, que de acuerdo con la Noticia Criminal n\u00famero 374590085615, el presunto delincuente sustrajo de su domicilio a la menor y se la llev\u00f3 sin el consentimiento de sus familiares, de ah\u00ed que aquel d\u00eda se inici\u00f3 una Alerta Amber cuando los familiares de la peque\u00f1a acudieron a denunciar los hechos.<\/span><\/p>\n<p><span style=\"font-family: verdana, geneva; font-size: 10pt;\">La investigaci\u00f3n sobre el caso se\u00f1ala que la se\u00f1ora Alberta Ram\u00edrez Mart\u00ednez, de 68 a\u00f1os, acudi\u00f3 ante las autoridades a denunciar la desaparici\u00f3n de su nieta quien hab\u00eda sido vista por \u00faltima vez de la mano de un sujeto, presuntamente amigo del padre de la ni\u00f1a.<\/span><\/p>\n<p><span style=\"font-family: verdana, geneva; font-size: 10pt;\">Derivado de la denuncia, se inici\u00f3 la Alerta Amber AAMX510, gracias a la cual se ubic\u00f3 y localiz\u00f3 al hombre en la ciudad de Pachuca; de esta forma los elementos de la Polic\u00eda Ministerial Mexiquense solicitaron la colaboraci\u00f3n de la polic\u00eda en Hidalgo para la ubicaci\u00f3n y aprehensi\u00f3n del imputado.<\/span><\/p>\n<p><span style=\"font-family: verdana, geneva; font-size: 10pt;\">Se conoci\u00f3 que \u201cla PGJEH y la SSPH en atenci\u00f3n a la solicitud de colaboraci\u00f3n realizaron los tr\u00e1mites legales correspondientes para la diligencia ministerial de los agentes mexiquenses, a trav\u00e9s del oficio PGJH-01\/629\/2015 logrando la detenci\u00f3n y traslado de Velasco P\u00e9rez\u201d.<\/span><\/p>\n<p><span style=\"font-family: verdana, geneva; font-size: 10pt;\">Finalmente, la fiscal\u00eda hidalguense enfatiz\u00f3 que debido a que la denuncia interpuesta es por un delito cometido en el Estado de M\u00e9xico y la detenci\u00f3n en delito flagrante del sujeto, dado que se trata de un delito de consumaci\u00f3n continuada, el sujeto ser\u00e1 puesta a disposici\u00f3n de la autoridad ministerial de aquella entidad para su consecuci\u00f3n legal.<\/span><\/p>\n","protected":false},"excerpt":{"rendered":"<p>Luego de una intensa movilizaci\u00f3n policiaca y la intervenci\u00f3n de los agentes de la Procuradur\u00eda General de Justicia del Estado de M\u00e9xico, en coordinaci\u00f3n con los elementos pertenecientes a la Secretar\u00eda de Seguridad P\u00fablica de Hidalgo (SSPH), se logr\u00f3 la detenci\u00f3n de un sujeto acusado del robo de una menor de edad.<\/p>\n","protected":false},"author":1,"featured_media":0,"comment_status":"open","ping_status":"open","sticky":false,"template":"","format":"standard","meta":{"footnotes":""},"categories":[37],"tags":[],"class_list":["post-5830","post","type-post","status-publish","format-standard","hentry","category-barandilla"],"_links":{"self":[{"href":"https:\/\/plazajuarez.mx\/historico\/wp-json\/wp\/v2\/posts\/5830","targetHints":{"allow":["GET"]}}],"collection":[{"href":"https:\/\/plazajuarez.mx\/historico\/wp-json\/wp\/v2\/posts"}],"about":[{"href":"https:\/\/plazajuarez.mx\/historico\/wp-json\/wp\/v2\/types\/post"}],"author":[{"embeddable":true,"href":"https:\/\/plazajuarez.mx\/historico\/wp-json\/wp\/v2\/users\/1"}],"replies":[{"embeddable":true,"href":"https:\/\/plazajuarez.mx\/historico\/wp-json\/wp\/v2\/comments?post=5830"}],"version-history":[{"count":0,"href":"https:\/\/plazajuarez.mx\/historico\/wp-json\/wp\/v2\/posts\/5830\/revisions"}],"wp:attachment":[{"href":"https:\/\/plazajuarez.mx\/historico\/wp-json\/wp\/v2\/media?parent=5830"}],"wp:term":[{"taxonomy":"category","embeddable":true,"href":"https:\/\/plazajuarez.mx\/historico\/wp-json\/wp\/v2\/categories?post=5830"},{"taxonomy":"post_tag","embeddable":true,"href":"https:\/\/plazajuarez.mx\/historico\/wp-json\/wp\/v2\/tags?post=5830"}],"curies":[{"name":"wp","href":"https:\/\/api.w.org\/{rel}","templated":true}]}}