{"id":5826,"date":"2015-05-30T05:00:00","date_gmt":"2015-05-30T05:00:00","guid":{"rendered":"http:\/\/plazajuarez.mx\/index\/index.php\/2015\/05\/30\/viggiano-ratifico-su-compromiso-de-trabajar-para-abatir-la-desigualdad-hacia-las-mujeres\/"},"modified":"2015-05-30T05:00:00","modified_gmt":"2015-05-30T05:00:00","slug":"viggiano-ratifico-su-compromiso-de-trabajar-para-abatir-la-desigualdad-hacia-las-mujeres","status":"publish","type":"post","link":"https:\/\/plazajuarez.mx\/historico\/viggiano-ratifico-su-compromiso-de-trabajar-para-abatir-la-desigualdad-hacia-las-mujeres\/","title":{"rendered":"Viggiano ratific\u00f3 su compromiso de trabajar para abatir la desigualdad hacia las mujeres"},"content":{"rendered":"<p><span style=\"font-family: verdana, geneva; font-size: 10pt;\">Desde la localidad de Itzocal, perteneciente al municipio de Atlapexco, Carolina Viggiano Austria, candidata a diputada federal de la coalici\u00f3n PRI-PVEM por el primer distrito electoral de Hidalgo, ratific\u00f3 su compromiso de trabajar para abatir los signos de desigualdad que a\u00fan se registran entre las mujeres de M\u00e9xico, principalmente entre las ind\u00edgenas.<\/span><\/p>\n<p>  <!--more-->  <\/p>\n<p>\u00a0<\/p>\n<p><span style=\"font-family: verdana, geneva; font-size: 10pt;\">\u00a0<\/span><\/p>\n<p><span style=\"font-family: verdana, geneva; font-size: 10pt;\">Dijo que luchar\u00e1 tenazmente para exigir se apoye con proyectos destinados especialmente a las mujeres, \u201cpara que ellas no sean las m\u00e1s pobres de los pobres; para erradicar la violencia de la que muchas veces son objeto; para combatir la discriminaci\u00f3n\u201d, por lo que fomentar\u00e1 que a la mujer se le reconozca el gran valor que tiene en nuestra sociedad.<\/span><\/p>\n<p><span style=\"font-family: verdana, geneva; font-size: 10pt;\">\u00a0<\/span><\/p>\n<p><span style=\"font-family: verdana, geneva; font-size: 10pt;\">Asimismo, se\u00f1al\u00f3 que trabajar\u00e1 para que las mujeres tengan acceso a la justicia y sean atendidas en su propio idioma, adem\u00e1s de que promover\u00e1 que puedan tener cobertura total en el sistema de salud, para prevenir y detectar a tiempo enfermedades propias de la mujer como lo es el c\u00e1ncer, y puedan ser atendidas con calidad\u00a0 en los hospitales y cl\u00ednicas.<\/span><\/p>\n<p><span style=\"font-family: verdana, geneva; font-size: 10pt;\">\u00a0<\/span><\/p>\n<p><span style=\"font-family: verdana, geneva; font-size: 10pt;\">Afirm\u00f3 que desde la C\u00e1mara de Diputados impulsar\u00e1 que se creen pol\u00edticas p\u00fablicas, programas y acciones, encaminadas a fortalecer la autoestima de las mujeres, para que puedan aspirar a vivir felices, en familia, unidas y trabajando, y as\u00ed participen en la toma de decisiones de sus comunidades.<\/span><\/p>\n<p><span style=\"font-family: verdana, geneva; font-size: 10pt;\">\u00a0<\/span><\/p>\n<p><span style=\"font-family: verdana, geneva; font-size: 10pt;\">Los habitantes de Itzocal acompa\u00f1aron a la candidata en una marcha por la calle principal y\u00a0 manifestaron a Carolina Viggiano su total apoyo, haci\u00e9ndole saber que el seccional de esta localidad siempre ha sido ganado por el PRI, y que en \u00e9sta ocasi\u00f3n ratificar\u00e1n su convicci\u00f3n de priistas.<\/span><\/p>\n","protected":false},"excerpt":{"rendered":"<p>Desde la localidad de Itzocal, perteneciente al municipio de Atlapexco, Carolina Viggiano Austria, candidata a diputada federal de la coalici\u00f3n PRI-PVEM por el primer distrito electoral de Hidalgo, ratific\u00f3 su compromiso de trabajar para abatir los signos de desigualdad que a\u00fan se registran entre las mujeres de M\u00e9xico, principalmente entre las ind\u00edgenas.<\/p>\n","protected":false},"author":1,"featured_media":0,"comment_status":"open","ping_status":"open","sticky":false,"template":"","format":"standard","meta":{"footnotes":""},"categories":[59],"tags":[],"class_list":["post-5826","post","type-post","status-publish","format-standard","hentry","category-general"],"_links":{"self":[{"href":"https:\/\/plazajuarez.mx\/historico\/wp-json\/wp\/v2\/posts\/5826","targetHints":{"allow":["GET"]}}],"collection":[{"href":"https:\/\/plazajuarez.mx\/historico\/wp-json\/wp\/v2\/posts"}],"about":[{"href":"https:\/\/plazajuarez.mx\/historico\/wp-json\/wp\/v2\/types\/post"}],"author":[{"embeddable":true,"href":"https:\/\/plazajuarez.mx\/historico\/wp-json\/wp\/v2\/users\/1"}],"replies":[{"embeddable":true,"href":"https:\/\/plazajuarez.mx\/historico\/wp-json\/wp\/v2\/comments?post=5826"}],"version-history":[{"count":0,"href":"https:\/\/plazajuarez.mx\/historico\/wp-json\/wp\/v2\/posts\/5826\/revisions"}],"wp:attachment":[{"href":"https:\/\/plazajuarez.mx\/historico\/wp-json\/wp\/v2\/media?parent=5826"}],"wp:term":[{"taxonomy":"category","embeddable":true,"href":"https:\/\/plazajuarez.mx\/historico\/wp-json\/wp\/v2\/categories?post=5826"},{"taxonomy":"post_tag","embeddable":true,"href":"https:\/\/plazajuarez.mx\/historico\/wp-json\/wp\/v2\/tags?post=5826"}],"curies":[{"name":"wp","href":"https:\/\/api.w.org\/{rel}","templated":true}]}}