{"id":5825,"date":"2015-05-30T05:00:00","date_gmt":"2015-05-30T05:00:00","guid":{"rendered":"http:\/\/plazajuarez.mx\/index\/index.php\/2015\/05\/30\/edificaran-unidad-deportiva-infantil-en-pachuca\/"},"modified":"2015-05-30T05:00:00","modified_gmt":"2015-05-30T05:00:00","slug":"edificaran-unidad-deportiva-infantil-en-pachuca","status":"publish","type":"post","link":"https:\/\/plazajuarez.mx\/historico\/edificaran-unidad-deportiva-infantil-en-pachuca\/","title":{"rendered":"Edificar\u00e1n Unidad Deportiva Infantil en Pachuca"},"content":{"rendered":"<p><span style=\"font-family: verdana, geneva; font-size: 10pt;\">Con una inversi\u00f3n aproximada de 2.5 millones de pesos, el Ayuntamiento de Pachuca inform\u00f3 que ya iniciar\u00e1n la construcci\u00f3n de la Unidad Deportiva Infantil, instalada en el inmueble deportivo del bulevar Felipe \u00c1ngeles; proyecto anunciado desde el inicio del presente a\u00f1o.<\/span><\/p>\n<p>  <!--more-->  <\/p>\n<p>\u00a0<\/p>\n<p><span style=\"font-family: verdana, geneva; font-size: 10pt;\">\u00a0<\/span><\/p>\n<p><span style=\"font-family: verdana, geneva; font-size: 10pt;\">Eleazar Garc\u00eda S\u00e1nchez, alcalde capitalino comunic\u00f3 que el plan tiene el objetivo de acondicionar el espacio y los equipos necesarios para que las ni\u00f1as y ni\u00f1os del municipio puedan practicar deporte con instalaciones adecuadas a sus capacidades, habilidades y edades, \u201choy tenemos canchas y porter\u00edas grandes, lo que queremos es adecuar esas instalaciones para proteger los derechos de los ni\u00f1os\u201d.<\/span><\/p>\n<p><span style=\"font-family: verdana, geneva; font-size: 10pt;\">\u00a0<\/span><\/p>\n<p><span style=\"font-family: verdana, geneva; font-size: 10pt;\">Agreg\u00f3 que con esta unidad tambi\u00e9n se dar\u00e1 cumplimiento a los derechos de los ni\u00f1os y las ni\u00f1as, \u201cporque hacer un deporte tambi\u00e9n es un derecho\u201d, y se dar\u00e1 impulso al trabajo que ha venido realizando el Sistema para el Desarrollo Integral de la Familia (DIF) Pachuca, encabezado por Gabriela Casta\u00f1eda Badillo, a lo largo de la administraci\u00f3n.<\/span><\/p>\n<p><span style=\"font-family: verdana, geneva; font-size: 10pt;\">\u00a0<\/span><\/p>\n<p><span style=\"font-family: verdana, geneva; font-size: 10pt;\">Cabe mencionar que la edificaci\u00f3n de la Unidad Deportiva Infantil hab\u00eda sido retrasada por la administraci\u00f3n, ya que se quer\u00eda comparar el proyecto local con el construido en Colima; sin embargo el edil asever\u00f3 en que no ten\u00eda ning\u00fan similitud, por lo que se decidi\u00f3 mantener el plano original.<\/span><\/p>\n<p><span style=\"font-family: verdana, geneva; font-size: 10pt;\">\u00a0<\/span><\/p>\n<p><span style=\"font-family: verdana, geneva; font-size: 10pt;\">Finalmente, Garc\u00eda S\u00e1nchez apunt\u00f3 que \u00e9sta ser\u00e1 la primera Unidad Deportiva especializada para ni\u00f1os en el estado, misma que se prev\u00e9 est\u00e9 concluida en el presente a\u00f1o, al ejecutar los recursos necesarios para adecuar estos espacios a la comunidad infancia.<\/span><\/p>\n<p><span style=\"font-family: verdana, geneva; font-size: 10pt;\">\u00a0<\/span><\/p>\n","protected":false},"excerpt":{"rendered":"<p>Con una inversi\u00f3n aproximada de 2.5 millones de pesos, el Ayuntamiento de Pachuca inform\u00f3 que ya iniciar\u00e1n la construcci\u00f3n de la Unidad Deportiva Infantil, instalada en el inmueble deportivo del bulevar Felipe \u00c1ngeles; proyecto anunciado desde el inicio del presente a\u00f1o.<\/p>\n","protected":false},"author":1,"featured_media":0,"comment_status":"open","ping_status":"open","sticky":false,"template":"","format":"standard","meta":{"footnotes":""},"categories":[59],"tags":[],"class_list":["post-5825","post","type-post","status-publish","format-standard","hentry","category-general"],"_links":{"self":[{"href":"https:\/\/plazajuarez.mx\/historico\/wp-json\/wp\/v2\/posts\/5825","targetHints":{"allow":["GET"]}}],"collection":[{"href":"https:\/\/plazajuarez.mx\/historico\/wp-json\/wp\/v2\/posts"}],"about":[{"href":"https:\/\/plazajuarez.mx\/historico\/wp-json\/wp\/v2\/types\/post"}],"author":[{"embeddable":true,"href":"https:\/\/plazajuarez.mx\/historico\/wp-json\/wp\/v2\/users\/1"}],"replies":[{"embeddable":true,"href":"https:\/\/plazajuarez.mx\/historico\/wp-json\/wp\/v2\/comments?post=5825"}],"version-history":[{"count":0,"href":"https:\/\/plazajuarez.mx\/historico\/wp-json\/wp\/v2\/posts\/5825\/revisions"}],"wp:attachment":[{"href":"https:\/\/plazajuarez.mx\/historico\/wp-json\/wp\/v2\/media?parent=5825"}],"wp:term":[{"taxonomy":"category","embeddable":true,"href":"https:\/\/plazajuarez.mx\/historico\/wp-json\/wp\/v2\/categories?post=5825"},{"taxonomy":"post_tag","embeddable":true,"href":"https:\/\/plazajuarez.mx\/historico\/wp-json\/wp\/v2\/tags?post=5825"}],"curies":[{"name":"wp","href":"https:\/\/api.w.org\/{rel}","templated":true}]}}