{"id":5824,"date":"2015-05-30T05:00:00","date_gmt":"2015-05-30T05:00:00","guid":{"rendered":"http:\/\/plazajuarez.mx\/index\/index.php\/2015\/05\/30\/menos-partidos-politicos-pide-unta\/"},"modified":"2015-05-30T05:00:00","modified_gmt":"2015-05-30T05:00:00","slug":"menos-partidos-politicos-pide-unta","status":"publish","type":"post","link":"https:\/\/plazajuarez.mx\/historico\/menos-partidos-politicos-pide-unta\/","title":{"rendered":"Menos partidos pol\u00edticos, pide UNTA"},"content":{"rendered":"<p><span style=\"font-family: verdana, geneva; font-size: 10pt;\">La dirigente estatal de la Uni\u00f3n Nacional de Trabajadores Agr\u00edcolas (UNTA), Martha L\u00f3pez R\u00edos, se\u00f1al\u00f3 que es importante que en M\u00e9xico se reduzca el n\u00famero de partidos pol\u00edticos, a fin de que el recurso que se otorga a muchos que ni siquiera figuran en las elecciones, se invierta en obras y acciones encaminadas al desarrollo del campo y de la poblaci\u00f3n m\u00e1s vulnerable del pa\u00eds.<\/span><\/p>\n<p>  <!--more-->  <\/p>\n<p>\u00a0<\/p>\n<p><span style=\"font-family: verdana, geneva; font-size: 10pt;\">\u00a0<\/span><\/p>\n<p><span style=\"font-family: verdana, geneva; font-size: 10pt;\">\u201cCreo que cada vez los procesos electorales nos salen mucho m\u00e1s costosos, sobre todo por la aparici\u00f3n de nuevos partidos pol\u00edticos que se han adue\u00f1ado algunas familias, y que se ha visto esto como una forma de vida que no contribuye en lo m\u00e1s m\u00ednimo de la democracia que se busca para M\u00e9xico\u201d, dijo.<\/span><\/p>\n<p><span style=\"font-family: verdana, geneva; font-size: 10pt;\">\u00a0<\/span><\/p>\n<p><span style=\"font-family: verdana, geneva; font-size: 10pt;\">Y agreg\u00f3 que el surgimiento de \u00e9stos representa un mayor gasto de recursos y el evidente despilfarre de dinero que emana del erario p\u00fablico, lo cual calific\u00f3 como una groser\u00eda, toda vez que en el pa\u00eds hay obras que deber\u00edan considerarse prioritarias y muy por encima de \u201cestar financiando m\u00e1s partidos pol\u00edticos\u201d.<\/span><\/p>\n<p><span style=\"font-family: verdana, geneva; font-size: 10pt;\">\u00a0<\/span><\/p>\n<p><span style=\"font-family: verdana, geneva; font-size: 10pt;\">De igual forma, se\u00f1al\u00f3 que actualmente la ciudadan\u00eda en el Congreso de la Uni\u00f3n est\u00e1 sobre representada \u201cs\u00f3lo vemos a diputados que van a levantar el dedo, que van a dormirse a su curul, o bien que nunca vemos encabezando una manifestaci\u00f3n o acompa\u00f1ando en la lucha al sector campesino e ind\u00edgena del pa\u00eds\u201d.<\/span><\/p>\n<p><span style=\"font-family: verdana, geneva; font-size: 10pt;\">\u00a0<\/span><\/p>\n<p><span style=\"font-family: verdana, geneva; font-size: 10pt;\">Finalmente, la dirigente campesina apunt\u00f3 que en reiteradas ocasiones la misma ciudadan\u00eda desconoce el trabajo realizado por los diputados, ya que no se cuentan con mecanismos que informen a la poblaci\u00f3n del trabajo que hacen y dejan de hacer los legisladores, \u201clo m\u00e1s grave es que al final desconocemos cu\u00e1ntas iniciativas impulsaron y lograron aprobar, y lo que es peor, cu\u00e1ntas de las que se hicieron en esta legislatura contribuyen directamente al desarrollo del campo mexicano\u201d.<\/span><\/p>\n","protected":false},"excerpt":{"rendered":"<p>La dirigente estatal de la Uni\u00f3n Nacional de Trabajadores Agr\u00edcolas (UNTA), Martha L\u00f3pez R\u00edos, se\u00f1al\u00f3 que es importante que en M\u00e9xico se reduzca el n\u00famero de partidos pol\u00edticos, a fin de que el recurso que se otorga a muchos que ni siquiera figuran en las elecciones, se invierta en obras y acciones encaminadas al desarrollo [&hellip;]<\/p>\n","protected":false},"author":1,"featured_media":0,"comment_status":"open","ping_status":"open","sticky":false,"template":"","format":"standard","meta":{"footnotes":""},"categories":[59],"tags":[],"class_list":["post-5824","post","type-post","status-publish","format-standard","hentry","category-general"],"_links":{"self":[{"href":"https:\/\/plazajuarez.mx\/historico\/wp-json\/wp\/v2\/posts\/5824","targetHints":{"allow":["GET"]}}],"collection":[{"href":"https:\/\/plazajuarez.mx\/historico\/wp-json\/wp\/v2\/posts"}],"about":[{"href":"https:\/\/plazajuarez.mx\/historico\/wp-json\/wp\/v2\/types\/post"}],"author":[{"embeddable":true,"href":"https:\/\/plazajuarez.mx\/historico\/wp-json\/wp\/v2\/users\/1"}],"replies":[{"embeddable":true,"href":"https:\/\/plazajuarez.mx\/historico\/wp-json\/wp\/v2\/comments?post=5824"}],"version-history":[{"count":0,"href":"https:\/\/plazajuarez.mx\/historico\/wp-json\/wp\/v2\/posts\/5824\/revisions"}],"wp:attachment":[{"href":"https:\/\/plazajuarez.mx\/historico\/wp-json\/wp\/v2\/media?parent=5824"}],"wp:term":[{"taxonomy":"category","embeddable":true,"href":"https:\/\/plazajuarez.mx\/historico\/wp-json\/wp\/v2\/categories?post=5824"},{"taxonomy":"post_tag","embeddable":true,"href":"https:\/\/plazajuarez.mx\/historico\/wp-json\/wp\/v2\/tags?post=5824"}],"curies":[{"name":"wp","href":"https:\/\/api.w.org\/{rel}","templated":true}]}}