{"id":5823,"date":"2015-05-30T05:00:00","date_gmt":"2015-05-30T05:00:00","guid":{"rendered":"http:\/\/plazajuarez.mx\/index\/index.php\/2015\/05\/30\/vigila-el-ine-entrega-de-apoyos\/"},"modified":"2015-05-30T05:00:00","modified_gmt":"2015-05-30T05:00:00","slug":"vigila-el-ine-entrega-de-apoyos","status":"publish","type":"post","link":"https:\/\/plazajuarez.mx\/historico\/vigila-el-ine-entrega-de-apoyos\/","title":{"rendered":"Vigila el INE entrega de apoyos"},"content":{"rendered":"<p><span style=\"font-family: verdana, geneva; font-size: 10pt;\">El vocal ejecutivo del Instituto Nacional Electoral (INE) en Hidalgo, Jos\u00e9 Luis Ashane Bulos, inform\u00f3 que derivado de los desastres ocurridos por las recientes lluvias en el municipio de San Felipe Orizatl\u00e1n, personal del instituto ya est\u00e1 en dicha zona de la Huasteca Hidalguense para garantizar que todos los apoyos que se entreguen no sean utilizados con fines electorales.<\/span><\/p>\n<p>  <!--more-->  <\/p>\n<p>\u00a0<\/p>\n<p><span style=\"font-family: verdana, geneva; font-size: 10pt;\">\u00a0<\/span><\/p>\n<p><span style=\"font-family: verdana, geneva; font-size: 10pt;\">Lo anterior, luego de que, en la sesi\u00f3n ordinaria, los representantes de los partidos de oposici\u00f3n se\u00f1alaran esta \u201cposible\u201d problem\u00e1tica, por lo que Ashane Bulos, destac\u00f3 que la misma junta distrital ha estado muy cercana a las acciones que se realizan en la zona, as\u00ed como de los apoyos que han llegado para la poblaci\u00f3n.<\/span><\/p>\n<p><span style=\"font-family: verdana, geneva; font-size: 10pt;\">\u00a0<\/span><\/p>\n<p><span style=\"font-family: verdana, geneva; font-size: 10pt;\">De igual forma, coment\u00f3 que una comisi\u00f3n del instituto acudi\u00f3 a la Huasteca Hidalguense, a fin de establecer las posibles medidas que se tendr\u00e1n que tomar en caso de tener que remover alguna casilla y con las personas que perdieron durante la contingencia su credencial para votar.<\/span><\/p>\n<p><span style=\"font-family: verdana, geneva; font-size: 10pt;\">\u00a0<\/span><\/p>\n<p><span style=\"font-family: verdana, geneva; font-size: 10pt;\">De acuerdo con el titular del INE, hasta el momento no se tiene la necesidad de remover de lugar ninguna de las casillas que se colocar\u00e1n en dicho municipio, sin embargo, destac\u00f3 que contin\u00faan las evaluaciones de los da\u00f1os, y agreg\u00f3 que se ver\u00e1 la forma en que intervenga el Tribunal Estatal Electoral de Hidalgo (TEEH) a fin de otorgar alg\u00fan tipo de constancia a las personas que hayan perdido su credencial para votar durante la contingencia, y puedan acudir a las urnas el pr\u00f3ximo 7 de junio.<\/span><\/p>\n<p><span style=\"font-family: verdana, geneva; font-size: 10pt;\">\u00a0<\/span><\/p>\n<p><span style=\"font-family: verdana, geneva; font-size: 10pt;\"><strong>Hidalgo, primer estado en cumplir al 100 por ciento con la capacitaci\u00f3n<\/strong><\/span><\/p>\n<p><span style=\"font-family: verdana, geneva; font-size: 10pt;\">\u00a0<\/span><\/p>\n<p><span style=\"font-family: verdana, geneva; font-size: 10pt;\">El vocal ejecutivo del INE en Hidalgo, se\u00f1al\u00f3 que este fue el primer estado de la rep\u00fablica en reportar el 100 por ciento de sus funcionarios de casilla en completa capacitaci\u00f3n, rumbo a las elecciones a diputados federales que se realizar\u00e1n en la entidad el pr\u00f3ximo 7 de junio.<\/span><\/p>\n<p><span style=\"font-family: verdana, geneva; font-size: 10pt;\">\u00a0<\/span><\/p>\n<p><span style=\"font-family: verdana, geneva; font-size: 10pt;\">Por lo anterior, puntualiz\u00f3 que ser\u00e1n 24 mil 934 funcionarios de casillas los que se encuentran listos para la contienda, adem\u00e1s de una reserva equivalente, a poco m\u00e1s del 50 por ciento de dicha cifra, mismos que estar\u00e1n al pendiente en caso de que se pudieran presentar faltas de algunos de los funcionarios insaculados.<\/span><\/p>\n<p><span style=\"font-family: verdana, geneva; font-size: 10pt;\">\u00a0<\/span><\/p>\n<p><span style=\"font-family: verdana, geneva; font-size: 10pt;\">Ashane Bulos destac\u00f3 que en la entidad ser\u00e1n 3 mil 562 casillas las que se colocar\u00e1n en total en los 7 distritos federales electorales para las votaciones del pr\u00f3ximo 7 de junio,\u00a0 y explic\u00f3 que por cada casilla se contar\u00e1 con siete funcionarios \u201ccuatro propietarios y tres suplentes, adem\u00e1s de la reserva que se tiene contemplada por si hay alg\u00fan percance o inconveniente por parte de los funcionarios insaculados\u201d.<\/span><\/p>\n","protected":false},"excerpt":{"rendered":"<p>El vocal ejecutivo del Instituto Nacional Electoral (INE) en Hidalgo, Jos\u00e9 Luis Ashane Bulos, inform\u00f3 que derivado de los desastres ocurridos por las recientes lluvias en el municipio de San Felipe Orizatl\u00e1n, personal del instituto ya est\u00e1 en dicha zona de la Huasteca Hidalguense para garantizar que todos los apoyos que se entreguen no sean [&hellip;]<\/p>\n","protected":false},"author":1,"featured_media":0,"comment_status":"open","ping_status":"open","sticky":false,"template":"","format":"standard","meta":{"footnotes":""},"categories":[59],"tags":[],"class_list":["post-5823","post","type-post","status-publish","format-standard","hentry","category-general"],"_links":{"self":[{"href":"https:\/\/plazajuarez.mx\/historico\/wp-json\/wp\/v2\/posts\/5823","targetHints":{"allow":["GET"]}}],"collection":[{"href":"https:\/\/plazajuarez.mx\/historico\/wp-json\/wp\/v2\/posts"}],"about":[{"href":"https:\/\/plazajuarez.mx\/historico\/wp-json\/wp\/v2\/types\/post"}],"author":[{"embeddable":true,"href":"https:\/\/plazajuarez.mx\/historico\/wp-json\/wp\/v2\/users\/1"}],"replies":[{"embeddable":true,"href":"https:\/\/plazajuarez.mx\/historico\/wp-json\/wp\/v2\/comments?post=5823"}],"version-history":[{"count":0,"href":"https:\/\/plazajuarez.mx\/historico\/wp-json\/wp\/v2\/posts\/5823\/revisions"}],"wp:attachment":[{"href":"https:\/\/plazajuarez.mx\/historico\/wp-json\/wp\/v2\/media?parent=5823"}],"wp:term":[{"taxonomy":"category","embeddable":true,"href":"https:\/\/plazajuarez.mx\/historico\/wp-json\/wp\/v2\/categories?post=5823"},{"taxonomy":"post_tag","embeddable":true,"href":"https:\/\/plazajuarez.mx\/historico\/wp-json\/wp\/v2\/tags?post=5823"}],"curies":[{"name":"wp","href":"https:\/\/api.w.org\/{rel}","templated":true}]}}