{"id":5819,"date":"2015-05-30T05:00:00","date_gmt":"2015-05-30T05:00:00","guid":{"rendered":"http:\/\/plazajuarez.mx\/index\/index.php\/2015\/05\/30\/caso-azul-zurita-justicia-sin-mas\/"},"modified":"2015-05-30T05:00:00","modified_gmt":"2015-05-30T05:00:00","slug":"caso-azul-zurita-justicia-sin-mas","status":"publish","type":"post","link":"https:\/\/plazajuarez.mx\/historico\/caso-azul-zurita-justicia-sin-mas\/","title":{"rendered":"CASO AZUL ZURITA: JUSTICIA SIN M\u00c1S."},"content":{"rendered":"<p><span style=\"font-family: verdana, geneva; font-size: 10pt;\">Un asunto que se colocado en la esfera del inter\u00e9s p\u00fablico en nuestro estado ha surgido a causa de un incidente de tr\u00e1nsito entre particulares que bien podr\u00eda haber concluido en una acci\u00f3n de las autoridades judiciales en la que la parte afectada obtuviera la correspondiente reposici\u00f3n de los da\u00f1os y la parte acusada la pena correspondiente a los da\u00f1os causados.<\/span><\/p>\n<p>  <!--more-->  <\/p>\n<p>\u00a0<\/p>\n<p><span style=\"font-family: verdana, geneva; font-size: 10pt;\">Pero en M\u00e9xico y, por\u00a0 consiguiente en el Estado de Hidalgo, las cosas son m\u00e1s complicadas. Si dos particulares sin ninguna relaci\u00f3n con el poder p\u00fablico se ven involucrados en un problema semejante \u00a0la ley se aplicar\u00e1 \u00a0y asunto arreglado. Pero si una de ellas no es un simple particular sino un participante activo en la pol\u00edtica donde ha ocupado importantes cargos de representaci\u00f3n popular y de la administraci\u00f3n p\u00fablica, \u00a0entonces estamos ante un caso de otras dimensiones: la\u00a0 autoridad act\u00faa con pies de plomo, el personaje en cuesti\u00f3n puede ser protegido e incluso solapado por la red de relaciones que se entretejen entre quienes tienen el sart\u00e9n por el mango y la v\u00edctima o sus familiares deber\u00e1n decidir entre seguir buscando la reparaci\u00f3n del da\u00f1o sufrido o retirarse discretamente a sufrir su pena\u00a0 amargados por la convicci\u00f3n de que\u00a0 la justicia para el ciudadano com\u00fan y corriente es algo imposible de alcanzar.<\/span><\/p>\n<p><span style=\"font-family: verdana, geneva; font-size: 10pt;\">Estos casos no son aislados, suceden a diario en nuestro pa\u00eds, donde pocos, muy pocos ciudadanos tienen la posibilidad de obtener justicia si sus contactos \u00a0en el poder p\u00fablico no son suficientes. El des\u00e1nimo producido por la evidencia de que tal esperanza resulta inalcanzable\u00a0 termina por producir \u00a0incluso el temor a las posibles represalias de los soberbios victimarios.<\/span><\/p>\n<p><span style=\"font-family: verdana, geneva; font-size: 10pt;\">Este fue el caso de Herbert Zurita Fern\u00e1ndez, quien en un accidente automovil\u00edstico perdi\u00f3 a su hija Azul, una peque\u00f1a de seis a\u00f1os de edad quien muri\u00f3 luego de \u00a0que el auto familiar fuera\u00a0 embestido por una camioneta propiedad del conocido pol\u00edtico Jorge Romero, sin que hasta el momento\u00a0 la familia Zurita haya recibido la satisfacci\u00f3n de las autoridades para la reparaci\u00f3n del da\u00f1o y el castigo a los responsables.<\/span><\/p>\n<p><span style=\"font-family: verdana, geneva; font-size: 10pt;\">Pero Zurita Fern\u00e1ndez \u00a0reaccion\u00f3 como tal vez\u00a0 el acusado y quienes le protegen desde el gobierno no lo esperaban. El maestro Herbert, que lo es no s\u00f3lo en \u00a0su calidad de acad\u00e9mico de la UPN-Hgo., sino por la congruencia entre su decir y su hacer, decidi\u00f3 no \u00a0\u00a0dejarse presionar por el operativo de protecci\u00f3n \u00a0tejido en torno a Romero Romero, denunciando p\u00fablicamente en carta dirigida al gobernador del Estado lo mismo que al secretario de gobernaci\u00f3n y al presidente de la Rep\u00fablica (de quien por cierto Jorge Romero fue su coordinador de campa\u00f1a en Hidalgo) \u00a0la obstrucci\u00f3n de la justicia exigida, as\u00ed como su decisi\u00f3n de enfrentarse a cualquier obst\u00e1culo que \u00a0impida a su hija Azul alcanzarla\u00a0 \u00a0aunque solo sea post mortem.<\/span><\/p>\n<p><span style=\"font-family: verdana, geneva; font-size: 10pt;\">Afortunadamente, la sociedad hidalguense va despertando lentamente de la apat\u00eda hist\u00f3rica con que aceptaba que los poderosos salieran impunes de sus desmesuras e incluso hasta premiados \u00a0con\u00a0 nuevos cargos p\u00fablicos, como si los reclamos ciudadanos ameritaran una recompensa por la molestia sufrida.<\/span><\/p>\n<p><span style=\"font-family: verdana, geneva; font-size: 10pt;\">Hoy, las redes sociales\u00a0 y algunos medios de comunicaci\u00f3n, atentos a lo que sucede no s\u00f3lo a los gobernantes y poderosos sino a los ciudadanos comunes y corrientes, han hecho eco de las demandas del maestro Herbert Zurita Fern\u00e1ndez. Los hidalguenses ya nos comunicamos, opinamos y exigimos sin necesidad que alguien \u201cdesde arriba\u201d \u00a0lo indique o lo autorice, demandando\u00a0 en este caso concreto simple y sencillamente se haga justicia sin distinciones; \u00a0que Jorge Romero Romero -como cualquier hijo de vecina-,\u00a0 pague lo que tiene que pagar y cumpla lo que tiene que cumplir ante la ley, \u00a0y que Herbert Zurita y su familia obtengan, sin condicionamientos ni presiones, dilaciones ni amenazas la justa retribuci\u00f3n, atenci\u00f3n y respeto que merece su demanda de justicia. A estas exigencias me\u00a0 uno solidariamente con el maestro Herbert no solo como su compa\u00f1ero de trabajo,\u00a0 sino con la misma convicci\u00f3n de que s\u00f3lo la Conciencia Ciudadana en acci\u00f3n podr\u00e1 \u00a0cambiar el orden actual de preeminencias en la impartici\u00f3n de justicia. Y EXIGIENDO, DE IGUAL MANERA,\u00a0 QUE \u201cVIVOS SE LOS LLEVARON Y VIVOS LOS QUEREMOS, YA.\u201d<\/span><\/p>\n<p><span style=\"font-family: verdana, geneva; font-size: 10pt;\">\u00a0<\/span><\/p>\n<p><span style=\"font-family: verdana, geneva; font-size: 10pt;\">\u00a0<\/span><\/p>\n","protected":false},"excerpt":{"rendered":"<p>Un asunto que se colocado en la esfera del inter\u00e9s p\u00fablico en nuestro estado ha surgido a causa de un incidente de tr\u00e1nsito entre particulares que bien podr\u00eda haber concluido en una acci\u00f3n de las autoridades judiciales en la que la parte afectada obtuviera la correspondiente reposici\u00f3n de los da\u00f1os y la parte acusada la [&hellip;]<\/p>\n","protected":false},"author":1,"featured_media":0,"comment_status":"open","ping_status":"open","sticky":false,"template":"","format":"standard","meta":{"footnotes":""},"categories":[55],"tags":[],"class_list":["post-5819","post","type-post","status-publish","format-standard","hentry","category-miguel-angel-serna"],"_links":{"self":[{"href":"https:\/\/plazajuarez.mx\/historico\/wp-json\/wp\/v2\/posts\/5819","targetHints":{"allow":["GET"]}}],"collection":[{"href":"https:\/\/plazajuarez.mx\/historico\/wp-json\/wp\/v2\/posts"}],"about":[{"href":"https:\/\/plazajuarez.mx\/historico\/wp-json\/wp\/v2\/types\/post"}],"author":[{"embeddable":true,"href":"https:\/\/plazajuarez.mx\/historico\/wp-json\/wp\/v2\/users\/1"}],"replies":[{"embeddable":true,"href":"https:\/\/plazajuarez.mx\/historico\/wp-json\/wp\/v2\/comments?post=5819"}],"version-history":[{"count":0,"href":"https:\/\/plazajuarez.mx\/historico\/wp-json\/wp\/v2\/posts\/5819\/revisions"}],"wp:attachment":[{"href":"https:\/\/plazajuarez.mx\/historico\/wp-json\/wp\/v2\/media?parent=5819"}],"wp:term":[{"taxonomy":"category","embeddable":true,"href":"https:\/\/plazajuarez.mx\/historico\/wp-json\/wp\/v2\/categories?post=5819"},{"taxonomy":"post_tag","embeddable":true,"href":"https:\/\/plazajuarez.mx\/historico\/wp-json\/wp\/v2\/tags?post=5819"}],"curies":[{"name":"wp","href":"https:\/\/api.w.org\/{rel}","templated":true}]}}