{"id":57576,"date":"2018-02-21T15:06:58","date_gmt":"2018-02-21T15:06:58","guid":{"rendered":"http:\/\/plazajuarez.mx\/index\/index.php\/2018\/02\/21\/develan-escultura-de-jose-emilio-pacheco\/"},"modified":"2018-02-21T15:06:58","modified_gmt":"2018-02-21T15:06:58","slug":"develan-escultura-de-jose-emilio-pacheco","status":"publish","type":"post","link":"https:\/\/plazajuarez.mx\/historico\/develan-escultura-de-jose-emilio-pacheco\/","title":{"rendered":"Develan escultura de Jos\u00e9 Emilio Pacheco"},"content":{"rendered":"<p>La pieza se encuentra en el lobby del Centro Municipal de la Cultura y las Artes, en Tlalnepantla<\/p>\n<p>  <!--more-->  <\/p>\n<p>La alcaldesa de Tlalnepantla, Denisse Ugalde Alegr\u00eda, y la periodista Cristina Pacheco develaron la escultura en bronce del escritor Jos\u00e9 Emilio Pacheco en el lobby del Centro Municipal de la Cultura y las Artes, que desde hace dos a\u00f1os lleva el nombre del literato.<br \/>\u201cQueremos reafirmar el compromiso que hicimos para que este gran centro de cultura, honrado con el nombre de Jos\u00e9 Emilio Pacheco, siga siendo un importante referente cultural en una de las zonas m\u00e1s pobladas del pa\u00eds, con una pol\u00edtica p\u00fablica que sea componente central del desarrollo humano y social\u201d, apunt\u00f3 la presidenta municipal.<br \/>Resalt\u00f3 que ante la crisis que se vive a escala mundial por la p\u00e9rdida de valores, es importante recuperar inteligencias honradas, reflexivas, cr\u00edticas e \u00edntegras como la de Jos\u00e9 Emilio Pacheco.<br \/>Un honor recibir la visita de la Mtra. Cristina Pacheco y sentir su emoci\u00f3n al develar la escultura del gran Jos\u00e9 Emilio Pacheco que le da nombre a ntro. Centro Cultural. Aqu\u00ed estar\u00e1 rodeado de j\u00f3venes \u00e1vidos de arte. Gracias a la escultora Ceci Velez y a ntros. patrocinadores.<br \/>Afirm\u00f3 que para mejorar el mundo, no habr\u00e1 mejor instrumento que el de la inteligencia y con ella los conceptos \u00e9ticos que le son inherentes, de ah\u00ed la importancia de fomentar en las nuevas generaciones el gusto por la lectura, las artes y la cultura.<br \/>Denisse Ugalde puntualiz\u00f3 que Jos\u00e9 Emilio Pacheco seguir\u00e1 siendo referente cultural en el sentido m\u00e1s amplio de la palabra, por lo que invit\u00f3 a los presentes y a la ciudadan\u00eda en general a leer la reciente edici\u00f3n de \u201cInventario\u201d, libro de referencia, de consulta y una gran novela intelectual.<\/p>\n","protected":false},"excerpt":{"rendered":"<p>La pieza se encuentra en el lobby del Centro Municipal de la Cultura y las Artes, en Tlalnepantla<\/p>\n","protected":false},"author":93,"featured_media":0,"comment_status":"open","ping_status":"open","sticky":false,"template":"","format":"standard","meta":{"footnotes":""},"categories":[41],"tags":[],"class_list":["post-57576","post","type-post","status-publish","format-standard","hentry","category-arteria-cultural"],"_links":{"self":[{"href":"https:\/\/plazajuarez.mx\/historico\/wp-json\/wp\/v2\/posts\/57576","targetHints":{"allow":["GET"]}}],"collection":[{"href":"https:\/\/plazajuarez.mx\/historico\/wp-json\/wp\/v2\/posts"}],"about":[{"href":"https:\/\/plazajuarez.mx\/historico\/wp-json\/wp\/v2\/types\/post"}],"author":[{"embeddable":true,"href":"https:\/\/plazajuarez.mx\/historico\/wp-json\/wp\/v2\/users\/93"}],"replies":[{"embeddable":true,"href":"https:\/\/plazajuarez.mx\/historico\/wp-json\/wp\/v2\/comments?post=57576"}],"version-history":[{"count":0,"href":"https:\/\/plazajuarez.mx\/historico\/wp-json\/wp\/v2\/posts\/57576\/revisions"}],"wp:attachment":[{"href":"https:\/\/plazajuarez.mx\/historico\/wp-json\/wp\/v2\/media?parent=57576"}],"wp:term":[{"taxonomy":"category","embeddable":true,"href":"https:\/\/plazajuarez.mx\/historico\/wp-json\/wp\/v2\/categories?post=57576"},{"taxonomy":"post_tag","embeddable":true,"href":"https:\/\/plazajuarez.mx\/historico\/wp-json\/wp\/v2\/tags?post=57576"}],"curies":[{"name":"wp","href":"https:\/\/api.w.org\/{rel}","templated":true}]}}