{"id":57573,"date":"2018-02-21T15:05:24","date_gmt":"2018-02-21T15:05:24","guid":{"rendered":"http:\/\/plazajuarez.mx\/index\/index.php\/2018\/02\/21\/sabina-suspendio-shows-de-su-gira-por-mexico\/"},"modified":"2018-02-21T15:05:24","modified_gmt":"2018-02-21T15:05:24","slug":"sabina-suspendio-shows-de-su-gira-por-mexico","status":"publish","type":"post","link":"https:\/\/plazajuarez.mx\/historico\/sabina-suspendio-shows-de-su-gira-por-mexico\/","title":{"rendered":"Sabina suspendi\u00f3 shows de su gira por M\u00e9xico"},"content":{"rendered":"<p>El cantante espa\u00f1ol debi\u00f3 postergar sus presentaciones en Toluca y Hermosillo<\/p>\n<p>  <!--more-->  <\/p>\n<p>Joaqu\u00edn Sabina est\u00e1 realizando la gira &#8220;Lo niego todo&#8221; por diversos pa\u00edses. Pero, el popular artista debi\u00f3 suspender dos conciertos en M\u00e9xico, luego de sufrir un accidente dom\u00e9stico en el hotel donde se estaba hospedando.<br \/>Pancho Verona, uno de sus m\u00fasicos, habl\u00f3 de este episodio en su cuenta de Twitter: &#8220;Joaqu\u00edn est\u00e1 bien. Ha sufrido un leve accidente &#8216;dom\u00e9stico&#8217; en el hotel donde se encuentra que le impide cantar esta noche. Pido disculpas sinceras por las molestias ocasionadas a los afectados y por la preocupaci\u00f3n generada&#8221;.<br \/>El int\u00e9rprete espa\u00f1ol deb\u00eda presentarse en el teatro Morelos, ubicado en Toluca, el pasado lunes 19. Tambi\u00e9n ten\u00eda previsto realizar un show en Expoforum, Centro de Convenciones, en Hermosillo, el d\u00eda de hoy. Ambas presentaciones fueron canceladas por recomendaci\u00f3n m\u00e9dica.<br \/>En Facebook, la producci\u00f3n de Sabina dio detalles del accidente: &#8220;Hola a todos, hoy Joaqu\u00edn por molestias en un o\u00eddo, sufri\u00f3 un peque\u00f1o mareo que le provoc\u00f3 una p\u00e9rdida de equilibrio, a causa de ello sufri\u00f3 un golpe en el ojo. Que le ha producido un fuerte hematoma e hinchaz\u00f3n en la cara, dej\u00e1ndole el ojo casi cerrado. Esto le produce algunos mareos y malestar. Por ello nos hemos visto obligados a suspender el concierto de hoy en Toluca y el concierto de Hermosillo. Los m\u00e9dicos le han aconsejado 72 horas de reposo absoluto. Para poder estar en las mejores condiciones para los dos conciertos del Auditorio Nacional en el DF y continuar con el resto de la gira\u2026&#8221;.<br \/>En 2017, el m\u00fasico llev\u00f3 a cabo una serie de presentaciones durante noviembre y diciembre en diversos lugares de la Argentina, como Buenos Aires, Neuqu\u00e9n, Mar del Plata, Rosario, C\u00f3rdoba, San Juan y Mendoza.<\/p>\n","protected":false},"excerpt":{"rendered":"<p>El cantante espa\u00f1ol debi\u00f3 postergar sus presentaciones en Toluca y Hermosillo<\/p>\n","protected":false},"author":93,"featured_media":0,"comment_status":"open","ping_status":"open","sticky":false,"template":"","format":"standard","meta":{"footnotes":""},"categories":[38],"tags":[],"class_list":["post-57573","post","type-post","status-publish","format-standard","hentry","category-show"],"_links":{"self":[{"href":"https:\/\/plazajuarez.mx\/historico\/wp-json\/wp\/v2\/posts\/57573","targetHints":{"allow":["GET"]}}],"collection":[{"href":"https:\/\/plazajuarez.mx\/historico\/wp-json\/wp\/v2\/posts"}],"about":[{"href":"https:\/\/plazajuarez.mx\/historico\/wp-json\/wp\/v2\/types\/post"}],"author":[{"embeddable":true,"href":"https:\/\/plazajuarez.mx\/historico\/wp-json\/wp\/v2\/users\/93"}],"replies":[{"embeddable":true,"href":"https:\/\/plazajuarez.mx\/historico\/wp-json\/wp\/v2\/comments?post=57573"}],"version-history":[{"count":0,"href":"https:\/\/plazajuarez.mx\/historico\/wp-json\/wp\/v2\/posts\/57573\/revisions"}],"wp:attachment":[{"href":"https:\/\/plazajuarez.mx\/historico\/wp-json\/wp\/v2\/media?parent=57573"}],"wp:term":[{"taxonomy":"category","embeddable":true,"href":"https:\/\/plazajuarez.mx\/historico\/wp-json\/wp\/v2\/categories?post=57573"},{"taxonomy":"post_tag","embeddable":true,"href":"https:\/\/plazajuarez.mx\/historico\/wp-json\/wp\/v2\/tags?post=57573"}],"curies":[{"name":"wp","href":"https:\/\/api.w.org\/{rel}","templated":true}]}}