{"id":57572,"date":"2018-02-21T15:04:11","date_gmt":"2018-02-21T15:04:11","guid":{"rendered":"http:\/\/plazajuarez.mx\/index\/index.php\/2018\/02\/21\/courtney-no-olvida-a-kurt-cobain\/"},"modified":"2018-02-21T15:04:11","modified_gmt":"2018-02-21T15:04:11","slug":"courtney-no-olvida-a-kurt-cobain","status":"publish","type":"post","link":"https:\/\/plazajuarez.mx\/historico\/courtney-no-olvida-a-kurt-cobain\/","title":{"rendered":"Courtney no olvida a Kurt Cobain"},"content":{"rendered":"<p>El exvocalista de la legendaria banda de grunge, Nirvana, naci\u00f3 un 20 de febrero de 1967 <\/p>\n<p>  <!--more-->  <\/p>\n<p>Este 20 de febrero el exvocalista de la legendaria banda de grunge Nirvana, Kurt Cobain, cumplir\u00eda 51 a\u00f1os de edad y Courtney Love lo record\u00f3 con una emotiva fotograf\u00eda.<br \/>Quien fuera la esposa del m\u00fasico nacido en Aberdeen, Washington, Estados Unidos, public\u00f3 este martes una fotograf\u00eda en su cuenta de Instagram, festejando as\u00ed lo que habr\u00eda sido el cumplea\u00f1os de uno de los iconos m\u00e1s importantes del rock del Siglo XX.<br \/>&#8220;Feliz cumplea\u00f1os beb\u00e9, Dios, te extra\u00f1o&#8221;, fue el texto que la vocalista de &#8220;Hole&#8221; escribi\u00f3 para acompa\u00f1ar la imagen donde se ve ambos m\u00fasicos abrazados.<br \/>Kurt Cobain se quit\u00f3 la vida el 5 de abril de 1994 con un disparo en la cabeza, en la que fuera su residencia en Seattle, Estados Unidos.<\/p>\n<p><\/p>\n","protected":false},"excerpt":{"rendered":"<p>El exvocalista de la legendaria banda de grunge, Nirvana, naci\u00f3 un 20 de febrero de 1967<\/p>\n","protected":false},"author":93,"featured_media":0,"comment_status":"open","ping_status":"open","sticky":false,"template":"","format":"standard","meta":{"footnotes":""},"categories":[38],"tags":[],"class_list":["post-57572","post","type-post","status-publish","format-standard","hentry","category-show"],"_links":{"self":[{"href":"https:\/\/plazajuarez.mx\/historico\/wp-json\/wp\/v2\/posts\/57572","targetHints":{"allow":["GET"]}}],"collection":[{"href":"https:\/\/plazajuarez.mx\/historico\/wp-json\/wp\/v2\/posts"}],"about":[{"href":"https:\/\/plazajuarez.mx\/historico\/wp-json\/wp\/v2\/types\/post"}],"author":[{"embeddable":true,"href":"https:\/\/plazajuarez.mx\/historico\/wp-json\/wp\/v2\/users\/93"}],"replies":[{"embeddable":true,"href":"https:\/\/plazajuarez.mx\/historico\/wp-json\/wp\/v2\/comments?post=57572"}],"version-history":[{"count":0,"href":"https:\/\/plazajuarez.mx\/historico\/wp-json\/wp\/v2\/posts\/57572\/revisions"}],"wp:attachment":[{"href":"https:\/\/plazajuarez.mx\/historico\/wp-json\/wp\/v2\/media?parent=57572"}],"wp:term":[{"taxonomy":"category","embeddable":true,"href":"https:\/\/plazajuarez.mx\/historico\/wp-json\/wp\/v2\/categories?post=57572"},{"taxonomy":"post_tag","embeddable":true,"href":"https:\/\/plazajuarez.mx\/historico\/wp-json\/wp\/v2\/tags?post=57572"}],"curies":[{"name":"wp","href":"https:\/\/api.w.org\/{rel}","templated":true}]}}