{"id":57569,"date":"2018-02-21T15:04:09","date_gmt":"2018-02-21T15:04:09","guid":{"rendered":"http:\/\/plazajuarez.mx\/index\/index.php\/2018\/02\/21\/fergie-hablo-sobre-su-fallida-interpretacion-del-himno\/"},"modified":"2018-02-21T15:04:09","modified_gmt":"2018-02-21T15:04:09","slug":"fergie-hablo-sobre-su-fallida-interpretacion-del-himno","status":"publish","type":"post","link":"https:\/\/plazajuarez.mx\/historico\/fergie-hablo-sobre-su-fallida-interpretacion-del-himno\/","title":{"rendered":"Fergie habl\u00f3 sobre su fallida interpretaci\u00f3n del himno"},"content":{"rendered":"<p>Tras las cr\u00edticas y burlas, la cantante reconoci\u00f3 que su versi\u00f3n de la canci\u00f3n patria no fue la indicada. &#8220;Hice lo que mejor que pude&#8221;, dijo<\/p>\n<p>  <!--more-->  <\/p>\n<p>Fergie decidi\u00f3 romper su silencio y hablar sobre su pol\u00e9mica interpretaci\u00f3n del himno de Estados Unidos antes del All Star Game de la NBA del domingo pasado en Staples Center de Los \u00c1ngeles. Su actuaci\u00f3n fue objeto de cr\u00edticas y burlas en las redes sociales. <br \/>La cantante justific\u00f3 su intervenci\u00f3n alegando que quiso hacer algo especial para la ocasi\u00f3n, pero que quiz\u00e1s no sali\u00f3 como ella esperaba: &#8220;Art\u00edsticamente, soy una persona a la que le gusta tomar riesgos, pero claramente esta versi\u00f3n no alcanz\u00f3 el tono deseado&#8221;, declar\u00f3 la cantante.<br \/>&#8220;Amo a este pa\u00eds y sinceramente, lo hice lo que mejor que pude&#8221;, \u00a0dijo la ex integrante del grupo Black Eyed Peas en un comunicado a la revista Us Weekle.<br \/>&#8220;Siempre me he sentido honrada y orgullosa de cantar el himno nacional y quise probar algo diferente para la NBA&#8221;, a\u00f1adi\u00f3.<br \/>Durante la actuaci\u00f3n de la artista, las c\u00e1maras pudieron captar los gestos de de mofa de algunos jugadores como Stephen Curry, LeBron James o Draymond Green.<\/p>\n","protected":false},"excerpt":{"rendered":"<p>Tras las cr\u00edticas y burlas, la cantante reconoci\u00f3 que su versi\u00f3n de la canci\u00f3n patria no fue la indicada. &#8220;Hice lo que mejor que pude&#8221;, dijo<\/p>\n","protected":false},"author":93,"featured_media":0,"comment_status":"open","ping_status":"open","sticky":false,"template":"","format":"standard","meta":{"footnotes":""},"categories":[38],"tags":[],"class_list":["post-57569","post","type-post","status-publish","format-standard","hentry","category-show"],"_links":{"self":[{"href":"https:\/\/plazajuarez.mx\/historico\/wp-json\/wp\/v2\/posts\/57569","targetHints":{"allow":["GET"]}}],"collection":[{"href":"https:\/\/plazajuarez.mx\/historico\/wp-json\/wp\/v2\/posts"}],"about":[{"href":"https:\/\/plazajuarez.mx\/historico\/wp-json\/wp\/v2\/types\/post"}],"author":[{"embeddable":true,"href":"https:\/\/plazajuarez.mx\/historico\/wp-json\/wp\/v2\/users\/93"}],"replies":[{"embeddable":true,"href":"https:\/\/plazajuarez.mx\/historico\/wp-json\/wp\/v2\/comments?post=57569"}],"version-history":[{"count":0,"href":"https:\/\/plazajuarez.mx\/historico\/wp-json\/wp\/v2\/posts\/57569\/revisions"}],"wp:attachment":[{"href":"https:\/\/plazajuarez.mx\/historico\/wp-json\/wp\/v2\/media?parent=57569"}],"wp:term":[{"taxonomy":"category","embeddable":true,"href":"https:\/\/plazajuarez.mx\/historico\/wp-json\/wp\/v2\/categories?post=57569"},{"taxonomy":"post_tag","embeddable":true,"href":"https:\/\/plazajuarez.mx\/historico\/wp-json\/wp\/v2\/tags?post=57569"}],"curies":[{"name":"wp","href":"https:\/\/api.w.org\/{rel}","templated":true}]}}