{"id":57565,"date":"2018-02-21T15:00:48","date_gmt":"2018-02-21T15:00:48","guid":{"rendered":"http:\/\/plazajuarez.mx\/index\/index.php\/2018\/02\/21\/se-incendia-camion-de-carga-no-hay-lesionados\/"},"modified":"2018-02-21T15:00:48","modified_gmt":"2018-02-21T15:00:48","slug":"se-incendia-camion-de-carga-no-hay-lesionados","status":"publish","type":"post","link":"https:\/\/plazajuarez.mx\/historico\/se-incendia-camion-de-carga-no-hay-lesionados\/","title":{"rendered":"Se incendia cami\u00f3n de carga; no hay lesionados"},"content":{"rendered":"<p>EN EL CORREDOR DE LA MONTA\u00d1A <br \/>\u00a0\u00a0 \u00a0\u2022\u00a0\u00a0 \u00a0Integrantes del Cuerpo de Bomberos de Hidalgo fueron los encargados de atender el siniestro \u2028<\/p>\n<p>  <!--more-->  <\/p>\n<p>Un cami\u00f3n de carga que transportaba pegazulejos se incendi\u00f3 ayer martes por la ma\u00f1an lo que gener\u00f3 una intensa movilizaci\u00f3n del cuerpo de Bomberos de Hidalgo, cuyos integrantes se trasladaron al Corredor Tur\u00edstico de la Monta\u00f1a para atender el siniestro. <\/p>\n<p>Los primeros reportes se\u00f1alaron que una falla el\u00e9ctrica fue la que provoc\u00f3 el incendio en el motor de la unidad, por lo que se implementaron las labores para controlar el fuego y evitar que la unidad se incendiara completamente. <\/p>\n<p>Trascendi\u00f3 que el veh\u00edculo procedente de Apaxco, Estado de M\u00e9xico, iba con direcci\u00f3n a Mineral del Monte, pero cuando el chofer not\u00f3 que sal\u00eda humo del motor, detuvo su marcha y pidi\u00f3 auxilio al cuerpo de rescate a trav\u00e9s de la l\u00ednea de emergencias 911. <\/p>\n<p>Oportuna fue la llegada del cuerpo de vulcanos ya que s\u00f3lo se registraron da\u00f1os materiales y ninguna persona sali\u00f3 herida. <\/p>\n","protected":false},"excerpt":{"rendered":"<p>EN EL CORREDOR DE LA MONTA\u00d1A \u00a0\u00a0 \u00a0\u2022\u00a0\u00a0 \u00a0Integrantes del Cuerpo de Bomberos de Hidalgo fueron los encargados de atender el siniestro \u2028<\/p>\n","protected":false},"author":93,"featured_media":0,"comment_status":"open","ping_status":"open","sticky":false,"template":"","format":"standard","meta":{"footnotes":""},"categories":[37],"tags":[],"class_list":["post-57565","post","type-post","status-publish","format-standard","hentry","category-barandilla"],"_links":{"self":[{"href":"https:\/\/plazajuarez.mx\/historico\/wp-json\/wp\/v2\/posts\/57565","targetHints":{"allow":["GET"]}}],"collection":[{"href":"https:\/\/plazajuarez.mx\/historico\/wp-json\/wp\/v2\/posts"}],"about":[{"href":"https:\/\/plazajuarez.mx\/historico\/wp-json\/wp\/v2\/types\/post"}],"author":[{"embeddable":true,"href":"https:\/\/plazajuarez.mx\/historico\/wp-json\/wp\/v2\/users\/93"}],"replies":[{"embeddable":true,"href":"https:\/\/plazajuarez.mx\/historico\/wp-json\/wp\/v2\/comments?post=57565"}],"version-history":[{"count":0,"href":"https:\/\/plazajuarez.mx\/historico\/wp-json\/wp\/v2\/posts\/57565\/revisions"}],"wp:attachment":[{"href":"https:\/\/plazajuarez.mx\/historico\/wp-json\/wp\/v2\/media?parent=57565"}],"wp:term":[{"taxonomy":"category","embeddable":true,"href":"https:\/\/plazajuarez.mx\/historico\/wp-json\/wp\/v2\/categories?post=57565"},{"taxonomy":"post_tag","embeddable":true,"href":"https:\/\/plazajuarez.mx\/historico\/wp-json\/wp\/v2\/tags?post=57565"}],"curies":[{"name":"wp","href":"https:\/\/api.w.org\/{rel}","templated":true}]}}