{"id":56482,"date":"2018-02-01T18:59:56","date_gmt":"2018-02-01T18:59:56","guid":{"rendered":"http:\/\/plazajuarez.mx\/index\/index.php\/2018\/02\/01\/cndh-urge-a-esclarecer-caso-de-marco-antonio-sanchez\/"},"modified":"2018-02-01T18:59:56","modified_gmt":"2018-02-01T18:59:56","slug":"cndh-urge-a-esclarecer-caso-de-marco-antonio-sanchez","status":"publish","type":"post","link":"https:\/\/plazajuarez.mx\/historico\/cndh-urge-a-esclarecer-caso-de-marco-antonio-sanchez\/","title":{"rendered":"CNDH urge a esclarecer caso de Marco Antonio S\u00e1nchez"},"content":{"rendered":"<p style=\"text-align: justify;\">La Comisi\u00f3n Nacional de los Derechos Humanos (CNDH) exigi\u00f3 que se esclarezca a puntualidad la detenci\u00f3n del joven Marco Antonio S\u00e1nchez Flores, localizado cinco d\u00edas despu\u00e9s, y enfatiz\u00f3 que las autoridades est\u00e1n obligadas a proporcionar la informaci\u00f3n.<\/p>\n<p>  <!--more-->  <\/p>\n<p style=\"text-align: justify;\">El presidente de la CNDH, Luis Ra\u00fal Gonz\u00e1lez P\u00e9rez, respondi\u00f3 al jefe de Gobierno de la Ciudad de M\u00e9xico, Miguel \u00c1ngel Mancera, y dijo que no tiene que pronunciarse si fue o no una detenci\u00f3n arbitraria hasta en tanto no termine la investigaci\u00f3n.<\/p>\n<p style=\"text-align: justify;\">&#8220;Mientras no se agoten las investigaciones no se deben hacer pronunciamientos&#8221;, coment\u00f3.<\/p>\n<p style=\"text-align: justify;\">El ombudsman lament\u00f3 y conden\u00f3 los actos de detenciones arbitrarias y, sobretodo, que se cometan contra j\u00f3venes.<\/p>\n<p style=\"text-align: justify;\">&#8220;Si bien no sabemos mucho de la trama en ese episodio, tenemos que exigir que se esclarezca a puntualidad. Celebro que mi hom\u00f3loga del Distrito Federal est\u00e9 actuando con mucha pulcritud en el caso&#8221;, indic\u00f3.<\/p>\n<p style=\"text-align: justify;\">Gonz\u00e1lez P\u00e9rez se\u00f1al\u00f3 que han estado atentos al caso y estuvieron durante la certificaci\u00f3n m\u00e9dica, adem\u00e1s de hablar con el procurador y estar\u00e1n atentos a los resultados de la investigaci\u00f3n que haga la Comisi\u00f3n de Derechos Humanos del Distrito Federal.<\/p>\n<p style=\"text-align: justify;\">Agreg\u00f3 que se realizar\u00e1 un diagn\u00f3stico a nivel nacional, en la que participar\u00e1n los titulares de cada comisi\u00f3n en las entidades para conocer a detalle la situaci\u00f3n del pa\u00eds sobre la detenci\u00f3n arbitraria.<\/p>\n<p style=\"text-align: justify;\">&#8220;Es de reprobar detenciones arbitrarias, debemos erradicarla y voy a convocar a los ombudsperson de todos los estados a qu\u00e9 hagamos un informe de qu\u00e9 pasa con la detenci\u00f3n arbitraria en el pa\u00eds&#8221;, se\u00f1al\u00f3.<\/p>\n","protected":false},"excerpt":{"rendered":"<p>La Comisi\u00f3n Nacional de los Derechos Humanos (CNDH) exigi\u00f3 que se esclarezca a puntualidad la detenci\u00f3n del joven Marco Antonio S\u00e1nchez Flores, localizado cinco d\u00edas despu\u00e9s, y enfatiz\u00f3 que las autoridades est\u00e1n obligadas a proporcionar la informaci\u00f3n.<\/p>\n","protected":false},"author":1,"featured_media":0,"comment_status":"open","ping_status":"open","sticky":false,"template":"","format":"standard","meta":{"footnotes":""},"categories":[36],"tags":[],"class_list":["post-56482","post","type-post","status-publish","format-standard","hentry","category-nacion"],"_links":{"self":[{"href":"https:\/\/plazajuarez.mx\/historico\/wp-json\/wp\/v2\/posts\/56482","targetHints":{"allow":["GET"]}}],"collection":[{"href":"https:\/\/plazajuarez.mx\/historico\/wp-json\/wp\/v2\/posts"}],"about":[{"href":"https:\/\/plazajuarez.mx\/historico\/wp-json\/wp\/v2\/types\/post"}],"author":[{"embeddable":true,"href":"https:\/\/plazajuarez.mx\/historico\/wp-json\/wp\/v2\/users\/1"}],"replies":[{"embeddable":true,"href":"https:\/\/plazajuarez.mx\/historico\/wp-json\/wp\/v2\/comments?post=56482"}],"version-history":[{"count":0,"href":"https:\/\/plazajuarez.mx\/historico\/wp-json\/wp\/v2\/posts\/56482\/revisions"}],"wp:attachment":[{"href":"https:\/\/plazajuarez.mx\/historico\/wp-json\/wp\/v2\/media?parent=56482"}],"wp:term":[{"taxonomy":"category","embeddable":true,"href":"https:\/\/plazajuarez.mx\/historico\/wp-json\/wp\/v2\/categories?post=56482"},{"taxonomy":"post_tag","embeddable":true,"href":"https:\/\/plazajuarez.mx\/historico\/wp-json\/wp\/v2\/tags?post=56482"}],"curies":[{"name":"wp","href":"https:\/\/api.w.org\/{rel}","templated":true}]}}