{"id":5629,"date":"2015-05-26T05:00:00","date_gmt":"2015-05-26T05:00:00","guid":{"rendered":"http:\/\/plazajuarez.mx\/index\/index.php\/2015\/05\/26\/el-primer-ministro-iraqui-pide-mas-ayuda-para-la-batalla-de-ramadi\/"},"modified":"2015-05-26T05:00:00","modified_gmt":"2015-05-26T05:00:00","slug":"el-primer-ministro-iraqui-pide-mas-ayuda-para-la-batalla-de-ramadi","status":"publish","type":"post","link":"https:\/\/plazajuarez.mx\/historico\/el-primer-ministro-iraqui-pide-mas-ayuda-para-la-batalla-de-ramadi\/","title":{"rendered":"El primer ministro iraqu\u00ed pide m\u00e1s  ayuda para la batalla de Ramadi"},"content":{"rendered":"<p>Los combates continuaban ayer en Ramadi, la ciudad iraqu\u00ed tomada por el Estado Isl\u00e1mico (EI) hace nueve d\u00edas. Durante este fin de semana, las tropas gubernamentales lanzaron una contraofensiva apoyadas por milicianos chi\u00edes para tratar de recuperar ese enclave, especialmente simb\u00f3lico por tratarse de la capital de Al Anbar, el feudo de los \u00e1rabes sun\u00edes de Irak, a apenas un centenar de kil\u00f3metros al oeste de Bagdad. De su \u00e9xito depende la credibilidad del primer ministro, Haider al Abadi, que lleg\u00f3 al Gobierno en 2014 con voluntad de integrar a todos y ahora pide m\u00e1s ayuda a la comunidad internacional.<\/p>\n<p>  <!--more-->  <\/p>\n<p>\u00a0<\/p>\n<p>\u201cMe rompe el coraz\u00f3n ver que hemos perdido Ramadi, pero le puedo asegurar que vamos a recuperarla pronto\u201d, ha declarado Al Abadi en una entrevista. \u201cNecesitamos m\u00e1s ayuda internacional\u201d, reiter\u00f3. (Agencias)<\/p>\n","protected":false},"excerpt":{"rendered":"<p>Los combates continuaban ayer en Ramadi, la ciudad iraqu\u00ed tomada por el Estado Isl\u00e1mico (EI) hace nueve d\u00edas. Durante este fin de semana, las tropas gubernamentales lanzaron una contraofensiva apoyadas por milicianos chi\u00edes para tratar de recuperar ese enclave, especialmente simb\u00f3lico por tratarse de la capital de Al Anbar, el feudo de los \u00e1rabes sun\u00edes [&hellip;]<\/p>\n","protected":false},"author":93,"featured_media":0,"comment_status":"open","ping_status":"open","sticky":false,"template":"","format":"standard","meta":{"footnotes":""},"categories":[31],"tags":[],"class_list":["post-5629","post","type-post","status-publish","format-standard","hentry","category-orbe"],"_links":{"self":[{"href":"https:\/\/plazajuarez.mx\/historico\/wp-json\/wp\/v2\/posts\/5629","targetHints":{"allow":["GET"]}}],"collection":[{"href":"https:\/\/plazajuarez.mx\/historico\/wp-json\/wp\/v2\/posts"}],"about":[{"href":"https:\/\/plazajuarez.mx\/historico\/wp-json\/wp\/v2\/types\/post"}],"author":[{"embeddable":true,"href":"https:\/\/plazajuarez.mx\/historico\/wp-json\/wp\/v2\/users\/93"}],"replies":[{"embeddable":true,"href":"https:\/\/plazajuarez.mx\/historico\/wp-json\/wp\/v2\/comments?post=5629"}],"version-history":[{"count":0,"href":"https:\/\/plazajuarez.mx\/historico\/wp-json\/wp\/v2\/posts\/5629\/revisions"}],"wp:attachment":[{"href":"https:\/\/plazajuarez.mx\/historico\/wp-json\/wp\/v2\/media?parent=5629"}],"wp:term":[{"taxonomy":"category","embeddable":true,"href":"https:\/\/plazajuarez.mx\/historico\/wp-json\/wp\/v2\/categories?post=5629"},{"taxonomy":"post_tag","embeddable":true,"href":"https:\/\/plazajuarez.mx\/historico\/wp-json\/wp\/v2\/tags?post=5629"}],"curies":[{"name":"wp","href":"https:\/\/api.w.org\/{rel}","templated":true}]}}