{"id":5627,"date":"2015-05-26T05:00:00","date_gmt":"2015-05-26T05:00:00","guid":{"rendered":"http:\/\/plazajuarez.mx\/index\/index.php\/2015\/05\/26\/futbol-nacional-98\/"},"modified":"2015-05-26T05:00:00","modified_gmt":"2015-05-26T05:00:00","slug":"futbol-nacional-98","status":"publish","type":"post","link":"https:\/\/plazajuarez.mx\/historico\/futbol-nacional-98\/","title":{"rendered":"Futbol Nacional"},"content":{"rendered":"<p>Tigres busca remontar marcador ante Emelec en Libertadores<\/p>\n<p>Los Tigres de la Universidad Aut\u00f3noma de Nuevo Le\u00f3n buscar\u00e1n remontar el marcador adverso de 1-0 ante el Emelec de Ecuador, en juego correspondiente a la vuelta de los cuartos de final de la Copa Libertadores 2015.<\/p>\n<p>  <!--more-->  <\/p>\n<p>El partido se jugar\u00e1 hoy en el estadio Universitario de Nuevo Le\u00f3n, en el horario de las 20:00 horas (tiempo del centro de M\u00e9xico). <br \/>Cabe recordar que Tigres necesita ganar por dos goles y no recibir para clasificar a las semifinales del torneo sudamericano. <br \/>***<\/p>\n<p>Atlas va por Matosas<\/p>\n<p>Los altos mandos de Atlas esperan definir a m\u00e1s tardar en semana y media al pr\u00f3ximo t\u00e9cnico de los Zorros. Y aunque en primera instancia s\u00f3lo se baraj\u00f3 el nombre de Gustavo Costas, ahora tambi\u00e9n suena el de Gustavo Matosas.<\/p>\n<p>El Director Deportivo, Ram\u00f3n Heriberto Morales, viajar\u00e1 este mi\u00e9rcoles a Sudam\u00e9rica. Primero har\u00e1 una escala en Colombia para dialogar con la gente de Costas, y despu\u00e9s emprender\u00e1 camino a Uruguay, para platicar con Matosas.<\/p>\n<p>De hecho, el ext\u00e9cnico de Le\u00f3n y Am\u00e9rica, ya estaba muy cerca de llegar a un acuerdo con Cruz Azul, pero la llamada telef\u00f3nica de la gente de Atlas habr\u00eda detenido el trato con la gente de La M\u00e1quina, pues trascendi\u00f3 que a Matosas le interesa escuchar la propuesta de los Rojinegros.<\/p>\n<p>As\u00ed pues, cuando todo indicaba que Costas era la \u00fanica opci\u00f3n, las cosas dieron un giro de 180 grados y ahora Gustavo Matosas tambien es candidato para tomar las riendas de los Zorros.<br \/>***<\/p>\n<p>Chivas ya est\u00e1 de vacaciones<\/p>\n<p>Despu\u00e9s de su eliminaci\u00f3n, los jugadores de Chivas, han quedado de vacaciones y se van a reportar el pr\u00f3ximo s\u00e1bado 20 de junio para comenzar con los estudios m\u00e9dicos correspondientes.<\/p>\n<p>La lista de transferibles, la dar\u00e1n a conocer en los pr\u00f3ximos d\u00edas, previo al Draft, que ser\u00e1 el 10 de junio, y en cuya lista de negociables, no ser\u00eda nada extra\u00f1o que aparezcan nombres como el de Aldo de Nigris, Fernando Arce, y el portero Antonio Rodr\u00edguez.<\/p>\n<p>La primer baja del Guadalajara es la de \u00c9rick Torres, quien con la eliminaci\u00f3n de los rojiblancos, el delantero ya deber\u00e1 reportarse con su equipo de la MLS, que es el Dynamo de Houston.<\/p>\n<p>A partir del 24 de junio al 3 de julio, Chivas comenzar\u00e1 con su trabajo de Pretemporada, y el lugar elegido para el mismo ser\u00e1n las playas de Canc\u00fan, donde en dicho periodo tiene programado disputar un partido de preparaci\u00f3n.<\/p>\n<p>Para el 7 de julio, en Sacramento, California, Guadalajara enfrentar\u00e1 al Le\u00f3n, aparte de este duelo, tienen programado disputar cuatro amistosos m\u00e1s de preparaci\u00f3n.<\/p>\n","protected":false},"excerpt":{"rendered":"<p>Tigres busca remontar marcador ante Emelec en Libertadores Los Tigres de la Universidad Aut\u00f3noma de Nuevo Le\u00f3n buscar\u00e1n remontar el marcador adverso de 1-0 ante el Emelec de Ecuador, en juego correspondiente a la vuelta de los cuartos de final de la Copa Libertadores 2015.<\/p>\n","protected":false},"author":93,"featured_media":0,"comment_status":"open","ping_status":"open","sticky":false,"template":"","format":"standard","meta":{"footnotes":""},"categories":[39],"tags":[],"class_list":["post-5627","post","type-post","status-publish","format-standard","hentry","category-deportiva"],"_links":{"self":[{"href":"https:\/\/plazajuarez.mx\/historico\/wp-json\/wp\/v2\/posts\/5627","targetHints":{"allow":["GET"]}}],"collection":[{"href":"https:\/\/plazajuarez.mx\/historico\/wp-json\/wp\/v2\/posts"}],"about":[{"href":"https:\/\/plazajuarez.mx\/historico\/wp-json\/wp\/v2\/types\/post"}],"author":[{"embeddable":true,"href":"https:\/\/plazajuarez.mx\/historico\/wp-json\/wp\/v2\/users\/93"}],"replies":[{"embeddable":true,"href":"https:\/\/plazajuarez.mx\/historico\/wp-json\/wp\/v2\/comments?post=5627"}],"version-history":[{"count":0,"href":"https:\/\/plazajuarez.mx\/historico\/wp-json\/wp\/v2\/posts\/5627\/revisions"}],"wp:attachment":[{"href":"https:\/\/plazajuarez.mx\/historico\/wp-json\/wp\/v2\/media?parent=5627"}],"wp:term":[{"taxonomy":"category","embeddable":true,"href":"https:\/\/plazajuarez.mx\/historico\/wp-json\/wp\/v2\/categories?post=5627"},{"taxonomy":"post_tag","embeddable":true,"href":"https:\/\/plazajuarez.mx\/historico\/wp-json\/wp\/v2\/tags?post=5627"}],"curies":[{"name":"wp","href":"https:\/\/api.w.org\/{rel}","templated":true}]}}