{"id":5626,"date":"2015-05-26T05:00:00","date_gmt":"2015-05-26T05:00:00","guid":{"rendered":"http:\/\/plazajuarez.mx\/index\/index.php\/2015\/05\/26\/futbol-internacional-71\/"},"modified":"2015-05-26T05:00:00","modified_gmt":"2015-05-26T05:00:00","slug":"futbol-internacional-71","status":"publish","type":"post","link":"https:\/\/plazajuarez.mx\/historico\/futbol-internacional-71\/","title":{"rendered":"Futbol Internacional"},"content":{"rendered":"<p>Real Madrid anuncia la salida de Ancelotti<\/p>\n<p>El presidente del Real Madrid, Florentino P\u00e9rez, anunci\u00f3 ayer\u00a0 la salida del entrenador italiano Carlo Ancelotti, luego de los rumores que pon\u00edan fin a su presencia en el timonel merengue.<\/p>\n<p>  <!--more-->  <\/p>\n<p>&#8220;Quiero comunicarles que la Junta ha adoptado la decisi\u00f3n de relevar a Carlo Ancelotti como entrenador del Real Madrid. La exigencia del Madrid es de tal naturaleza que queremos alcanzar nuestro m\u00e1ximo nivel competitivo&#8221;, destac\u00f3 el directivo de la entidad madridista. <br \/>Asimismo, Florentino P\u00e9rez agradeci\u00f3 el compromiso del estratega italiano y dej\u00f3 ver que la reestructura en la direcci\u00f3n t\u00e9cnica fue un cambio &#8220;de \u00faltima hora&#8221;. <\/p>\n<p>&#8220;Quiero agradecer a Carlo Ancelotti p\u00fablicamente su trabajo durante estos dos a\u00f1os. S\u00f3lo puedo decir que es un se\u00f1or, un caballero y que lo entiende. No se lo hemos comunicado a los capitanes, porque es una decisi\u00f3n que se ha tomado ahora&#8221;, puntualiz\u00f3 el presidente madridista, quien presentar\u00e1 al sucesor de Ancelotti la pr\u00f3xima semana. <br \/>***<br \/>Que te vaya bonito, &#8220;Chicharito&#8221;, se\u00f1ala prensa espa\u00f1ola<\/p>\n<p>&#8220;Que te vaya bonito&#8221; , Javier Hern\u00e1ndez. As\u00ed despidi\u00f3 en un art\u00edculo el diario &#8220;Marca&#8221; sobre la salida del delantero mexicano del Real Madrid. <br \/>Luego de no hacer v\u00e1lida la opci\u00f3n de compra por &#8220;Chicharito&#8221; a finales del mes de abril, el informativo espa\u00f1ol confirma que el tricolor estar\u00e1 de regreso con el propietario de su carta: el Manchester United, quien negociar\u00e1 sus servicios en el pr\u00f3ximo mercado de piernas en Europa; el entrenador de los Red Devils, Louis Van Gaal, dej\u00f3 en claro que Hern\u00e1ndez Balc\u00e1zar no entra en sus planes. <br \/>Los interesados. En la Premier League, equipos como el Liverpool y el Tottenham; Juventus y Lazio de la Serie A, incluso el Wolfsburgo de la Bundesliga. <br \/>&#8220;Al final, &#8216;Chicharito&#8217; tuvo sus minutos y fue importante, sobre todo con aquel gol en el partido de vuelta de los cuartos de la Champions ante el Atl\u00e9tico. Fueron sus 15 minutos de gloria. Su paso por el Madrid en cifras se resume en 33 partidos (12 como titular), 1.357 minutos y 9 goles&#8221;, n\u00fameros que destac\u00f3 el informativo espa\u00f1ol, al igual que el acto improvisado del t\u00e9cnico Carlo Ancelotti por cubrir con Javier las bajas merengues. <br \/>***<\/p>\n<p>Alves asegura que ya no estar\u00e1 en Barcelona<\/p>\n<p>Tras varias semanas de rumores sobre el futuro de Dani Alves con el Barcelona, el brasile\u00f1o sali\u00f3 a dar la cara sobre el tema y dej\u00f3 en claro que se ve fuera del club por el maltrato que ha recibido por parte de la Directiva.<\/p>\n<p>\u201cTengo varias opciones (para fichar), pero la decisi\u00f3n la tomar\u00e9 despu\u00e9s de la Final de la Champions. Antes no, porque si no me distraigo. No me gustan las comparaciones, pero me dan m\u00e1s valor fuera que en el Bar\u00e7a. La oferta del Bar\u00e7a sale perdiendo por goleada.<\/p>\n<p>\u201cTengo los dos pies en el equipo, pero un pie, un cuerpo y casi la cabeza fuera del club. Con el equipo estoy al 200 por ciento, pero con el club no creo que llegue ni al 10 por ciento\u201d, sentenci\u00f3 Alves.<\/p>\n<p>El lateral brasile\u00f1o decidi\u00f3 hablar de su situaci\u00f3n porque se sinti\u00f3 ofendido de tantas cosas que se han dicho al respecto, y por la manera en la que se ha conducido la Directiva, pues le ofreci\u00f3 renovaci\u00f3n de contrato hasta que la FIFA le impidi\u00f3 fichar jugadores.<\/p>\n<p>\u201cHe aguantado much\u00edsimo, he escuchado much\u00edsimas tonter\u00edas y gilipolleces, me han faltado al respeto. Pero yo tengo un l\u00edmite y mi l\u00edmite ha llegado, no quiero responder a nadie, sino defenderme de tantas cosas que se dicen.<\/p>\n<p>\u201cMe gustar\u00eda quedarme en el Bar\u00e7a, pero no a cualquier precio. No hablo solo de dinero, tiene que haber respeto. Lo que he hecho por este club no lo ha hecho otro en mi posici\u00f3n. Si no me respetan, buscar\u00e9 otro sitio\u201d, expres\u00f3 Alves.<\/p>\n","protected":false},"excerpt":{"rendered":"<p>Real Madrid anuncia la salida de Ancelotti El presidente del Real Madrid, Florentino P\u00e9rez, anunci\u00f3 ayer\u00a0 la salida del entrenador italiano Carlo Ancelotti, luego de los rumores que pon\u00edan fin a su presencia en el timonel merengue.<\/p>\n","protected":false},"author":93,"featured_media":0,"comment_status":"open","ping_status":"open","sticky":false,"template":"","format":"standard","meta":{"footnotes":""},"categories":[39],"tags":[],"class_list":["post-5626","post","type-post","status-publish","format-standard","hentry","category-deportiva"],"_links":{"self":[{"href":"https:\/\/plazajuarez.mx\/historico\/wp-json\/wp\/v2\/posts\/5626","targetHints":{"allow":["GET"]}}],"collection":[{"href":"https:\/\/plazajuarez.mx\/historico\/wp-json\/wp\/v2\/posts"}],"about":[{"href":"https:\/\/plazajuarez.mx\/historico\/wp-json\/wp\/v2\/types\/post"}],"author":[{"embeddable":true,"href":"https:\/\/plazajuarez.mx\/historico\/wp-json\/wp\/v2\/users\/93"}],"replies":[{"embeddable":true,"href":"https:\/\/plazajuarez.mx\/historico\/wp-json\/wp\/v2\/comments?post=5626"}],"version-history":[{"count":0,"href":"https:\/\/plazajuarez.mx\/historico\/wp-json\/wp\/v2\/posts\/5626\/revisions"}],"wp:attachment":[{"href":"https:\/\/plazajuarez.mx\/historico\/wp-json\/wp\/v2\/media?parent=5626"}],"wp:term":[{"taxonomy":"category","embeddable":true,"href":"https:\/\/plazajuarez.mx\/historico\/wp-json\/wp\/v2\/categories?post=5626"},{"taxonomy":"post_tag","embeddable":true,"href":"https:\/\/plazajuarez.mx\/historico\/wp-json\/wp\/v2\/tags?post=5626"}],"curies":[{"name":"wp","href":"https:\/\/api.w.org\/{rel}","templated":true}]}}