{"id":5624,"date":"2015-05-26T05:00:00","date_gmt":"2015-05-26T05:00:00","guid":{"rendered":"http:\/\/plazajuarez.mx\/index\/index.php\/2015\/05\/26\/deportes-internacional-47\/"},"modified":"2015-05-26T05:00:00","modified_gmt":"2015-05-26T05:00:00","slug":"deportes-internacional-47","status":"publish","type":"post","link":"https:\/\/plazajuarez.mx\/historico\/deportes-internacional-47\/","title":{"rendered":"Deportes Internacional"},"content":{"rendered":"<p>TENIS<br \/>Nadal listo para el Roland Garros<\/p>\n<p>  <!--more-->  <\/p>\n<p>El espa\u00f1ol Rafael Nadal comenzar\u00e1 hoy\u00a0 la defensa de su t\u00edtulo en Roland Garros en el segundo turno de la pista central, justo antes de que entre en pista el n\u00famero uno del mundo, el serbio Novak Djokovic.<\/p>\n<p>Nadal comenzar\u00e1 la conquista de su d\u00e9cimo t\u00edtulo de RG contra el franc\u00e9s Quentin Halys, mientras que Djokovic intentar\u00e1 ganar el \u00fanico Grand Slam que le falta contra el finland\u00e9s Jarkko Nieminen.<\/p>\n<p>Tambi\u00e9n debuta ma\u00f1ana la n\u00famero uno del mundo, la estadounidense Serena Williams en el \u00faltimo turno de la central contra la checa Andrea Hlavackova.<\/p>\n<p>David Ferrer, s\u00e9ptimo favorito, abrir\u00e1 la pista Suzanne Lenglen contra el eslovaco Lukas Lacko<br \/>**<\/p>\n<p>Sharapova comienza con el pie derecho <\/p>\n<p>La rusa Maria Sharapova comenz\u00f3 ayer\u00a0 la defensa del t\u00edtulo en Roland Garros, al imponerse en primera ronda por 6-2 y 6-4 a la estonia Kaia Kanepi, en menos de hora y media.<\/p>\n<p>La n\u00famero dos del mundo jugar\u00e1 en segunda ronda contra la vencedora del duelo entre la suiza Stefanie Voegele y la rusa Vitalia Diatchenko.<\/p>\n<p>GIRALDO AVANZ\u00d3 A SEGUNDA RONDA<\/p>\n<p>El colombiano Santiago Giraldo logr\u00f3 el pase a la segunda ronda de Roland Garros al derrotar al estadounidense Donald Young por 6-4, 7-5 y 6-3 en dos horas y 31 minutos.<\/p>\n<p>El partido se vio perturbado por los problemas que el colombiano sufri\u00f3 en su pierna izquierda durante el \u00faltimo set.<\/p>\n<p>Su siguiente rival ser\u00e1 el belga David Goffin, cabeza de serie 17, que venci\u00f3 al serbio Filip Krajinovic por 3-6, 6-2, 7-6(3) y 6-1.<\/p>\n<p>***<br \/>Golfista gana BMW de lujo <\/p>\n<p>El espigado Chris Wood tuvo una tarde de ensue\u00f1o en la ronda final del BMW PGA Championship, y m\u00e1s, por tener un nuevo BMW en su garaje tras lograr un hoyo en uno.<\/p>\n<p>El golfista ingl\u00e9s se llev\u00f3 a casa un auto deportivo valorado en unos 140 mil euros, gracias al Hoyo en Uno conseguido desde 188 yardas (170 metros) con un hierro 7.<\/p>\n<p>Este fue el quinto hoyo de la semana, nuevo record en el torneo, incluido el de Miguel \u00c1ngel Jim\u00e9nez el pasado s\u00e1bado en el hoyo 2 de la catedral del golf.<br \/>**<\/p>\n","protected":false},"excerpt":{"rendered":"<p>TENISNadal listo para el Roland Garros<\/p>\n","protected":false},"author":93,"featured_media":0,"comment_status":"open","ping_status":"open","sticky":false,"template":"","format":"standard","meta":{"footnotes":""},"categories":[39],"tags":[],"class_list":["post-5624","post","type-post","status-publish","format-standard","hentry","category-deportiva"],"_links":{"self":[{"href":"https:\/\/plazajuarez.mx\/historico\/wp-json\/wp\/v2\/posts\/5624","targetHints":{"allow":["GET"]}}],"collection":[{"href":"https:\/\/plazajuarez.mx\/historico\/wp-json\/wp\/v2\/posts"}],"about":[{"href":"https:\/\/plazajuarez.mx\/historico\/wp-json\/wp\/v2\/types\/post"}],"author":[{"embeddable":true,"href":"https:\/\/plazajuarez.mx\/historico\/wp-json\/wp\/v2\/users\/93"}],"replies":[{"embeddable":true,"href":"https:\/\/plazajuarez.mx\/historico\/wp-json\/wp\/v2\/comments?post=5624"}],"version-history":[{"count":0,"href":"https:\/\/plazajuarez.mx\/historico\/wp-json\/wp\/v2\/posts\/5624\/revisions"}],"wp:attachment":[{"href":"https:\/\/plazajuarez.mx\/historico\/wp-json\/wp\/v2\/media?parent=5624"}],"wp:term":[{"taxonomy":"category","embeddable":true,"href":"https:\/\/plazajuarez.mx\/historico\/wp-json\/wp\/v2\/categories?post=5624"},{"taxonomy":"post_tag","embeddable":true,"href":"https:\/\/plazajuarez.mx\/historico\/wp-json\/wp\/v2\/tags?post=5624"}],"curies":[{"name":"wp","href":"https:\/\/api.w.org\/{rel}","templated":true}]}}