{"id":5623,"date":"2015-05-26T05:00:00","date_gmt":"2015-05-26T05:00:00","guid":{"rendered":"http:\/\/plazajuarez.mx\/index\/index.php\/2015\/05\/26\/madero-encabeza-homenaje-a-molinar-horcasitas\/"},"modified":"2015-05-26T05:00:00","modified_gmt":"2015-05-26T05:00:00","slug":"madero-encabeza-homenaje-a-molinar-horcasitas","status":"publish","type":"post","link":"https:\/\/plazajuarez.mx\/historico\/madero-encabeza-homenaje-a-molinar-horcasitas\/","title":{"rendered":"Madero encabeza homenaje a Molinar Horcasitas"},"content":{"rendered":"<p>M\u00e9xico, D.F.- Con la ausencia del ex presidente Felipe Calder\u00f3n, de Margarita Zavala, y de la ex candidata presidencial Josefina V\u00e1zquez Mota, el presidente nacional del PAN, Gustavo Madero, encabez\u00f3 el homenaje de quien dijo era &#8220;su jefe, maestro y amigo&#8221;, Juan Molinar Horcasitas.\u00a0<\/p>\n<p>  <!--more-->  <\/p>\n<p>\u00a0<\/p>\n<p>Ubicado en el estrado del auditorio Manuel G\u00f3mez Mor\u00edn, el ex presidente nacional del PAN, Germ\u00e1n Mart\u00ednez Cazares, y de frente a la viuda de Molinar Horcasitas, Mar\u00eda M\u00e1rgara, sus hijas Alejandra y Mar\u00eda, defendi\u00f3 la memoria de quien era el presidente de la Fundaci\u00f3n Rafael Preciado, al se\u00f1alar que \u00e9ste era inocente de la tragedia de la guarder\u00eda ABC.\u00a0<\/p>\n<p>&#8220;Como servidor p\u00fablico fue intachable, en el IFE, en el IMSS y en la SCT. Hoy que est\u00e1 de moda el facilismo para el insulto y que en cierta prensa toma carta de identidad la mentira y la ofensa, digo con rotundidad: Juan fue un hombre decente. Y a los que gritan que quieren un Estado de derecho, y al mismo tiempo calumnian, les decimos que Juan Molinar fue un hombre inocente en la tragedia de Hermosillo&#8221;, afirm\u00f3.\u00a0<\/p>\n<p>Mart\u00ednez Cazares asent\u00f3 que por lo anterior la Suprema Corte de Justicia de Naci\u00f3n (SCJN), encontr\u00f3 inocencia en Molinar Horcasitas, pues la sentencia de los jueces no actuaron en funci\u00f3n de los &#8220;caprichos de ocasi\u00f3n&#8221;, y eso es lo que edifica el Estado de derecho, pues es \u00e9ste el que mantuvo &#8220;limpia&#8221; la memoria de Juan Molinar, adem\u00e1s de que no era un hombre traicionero.\u00a0<br \/> &#8220;Guardar\u00e9 su lealtad siempre conmigo. Siempre apost\u00f3 de frente y mir\u00e1ndote a los ojos, nadie puede llamarse traicionado, Juan no tuvo due\u00f1os, porque amaba la libertad y argumentaba desde la libertad&#8221;, a\u00f1adi\u00f3.\u00a0 (Agencias)<\/p>\n","protected":false},"excerpt":{"rendered":"<p>M\u00e9xico, D.F.- Con la ausencia del ex presidente Felipe Calder\u00f3n, de Margarita Zavala, y de la ex candidata presidencial Josefina V\u00e1zquez Mota, el presidente nacional del PAN, Gustavo Madero, encabez\u00f3 el homenaje de quien dijo era &#8220;su jefe, maestro y amigo&#8221;, Juan Molinar Horcasitas.\u00a0<\/p>\n","protected":false},"author":93,"featured_media":0,"comment_status":"open","ping_status":"open","sticky":false,"template":"","format":"standard","meta":{"footnotes":""},"categories":[36],"tags":[],"class_list":["post-5623","post","type-post","status-publish","format-standard","hentry","category-nacion"],"_links":{"self":[{"href":"https:\/\/plazajuarez.mx\/historico\/wp-json\/wp\/v2\/posts\/5623","targetHints":{"allow":["GET"]}}],"collection":[{"href":"https:\/\/plazajuarez.mx\/historico\/wp-json\/wp\/v2\/posts"}],"about":[{"href":"https:\/\/plazajuarez.mx\/historico\/wp-json\/wp\/v2\/types\/post"}],"author":[{"embeddable":true,"href":"https:\/\/plazajuarez.mx\/historico\/wp-json\/wp\/v2\/users\/93"}],"replies":[{"embeddable":true,"href":"https:\/\/plazajuarez.mx\/historico\/wp-json\/wp\/v2\/comments?post=5623"}],"version-history":[{"count":0,"href":"https:\/\/plazajuarez.mx\/historico\/wp-json\/wp\/v2\/posts\/5623\/revisions"}],"wp:attachment":[{"href":"https:\/\/plazajuarez.mx\/historico\/wp-json\/wp\/v2\/media?parent=5623"}],"wp:term":[{"taxonomy":"category","embeddable":true,"href":"https:\/\/plazajuarez.mx\/historico\/wp-json\/wp\/v2\/categories?post=5623"},{"taxonomy":"post_tag","embeddable":true,"href":"https:\/\/plazajuarez.mx\/historico\/wp-json\/wp\/v2\/tags?post=5623"}],"curies":[{"name":"wp","href":"https:\/\/api.w.org\/{rel}","templated":true}]}}