{"id":5621,"date":"2015-05-26T05:00:00","date_gmt":"2015-05-26T05:00:00","guid":{"rendered":"http:\/\/plazajuarez.mx\/index\/index.php\/2015\/05\/26\/balanza-de-pagos-registra-deficit-de-9-mil-mdd-en-primer-trimestre\/"},"modified":"2015-05-26T05:00:00","modified_gmt":"2015-05-26T05:00:00","slug":"balanza-de-pagos-registra-deficit-de-9-mil-mdd-en-primer-trimestre","status":"publish","type":"post","link":"https:\/\/plazajuarez.mx\/historico\/balanza-de-pagos-registra-deficit-de-9-mil-mdd-en-primer-trimestre\/","title":{"rendered":"Balanza de pagos registra d\u00e9ficit  de 9 mil mdd en primer trimestre"},"content":{"rendered":"<p>M\u00e9xico, DF.- Al cierre del primer trimestre del a\u00f1o, la cuenta corriente de la balanza de pagos del pa\u00eds, registr\u00f3 un d\u00e9ficit de 9 mil 446 millones de d\u00f3lares, provocado por la \u201ccombinaci\u00f3n de d\u00e9ficits\u201d en la balanza de bienes y servicios por 4 mil 772 millones de d\u00f3lares y en la de renta por 10 mil 362 mdd, compensado parcialmente por un super\u00e1vit de transferencias por 5 mil 639 millones de d\u00f3lares, inform\u00f3 el Banco de M\u00e9xico.<\/p>\n<p>  <!--more-->  <\/p>\n<p>\u00a0<\/p>\n<p>El d\u00e9ficit registrado por la cuenta corriente de la balanza de pagos registr\u00f3 un crecimiento de casi 86 por ciento respecto al trimestre previo, aunque fue ligeramente inferior a los 10 mil 409 millones de d\u00f3lares que se registraron en los mismos tres meses de 2014. (Agencias)<\/p>\n","protected":false},"excerpt":{"rendered":"<p>M\u00e9xico, DF.- Al cierre del primer trimestre del a\u00f1o, la cuenta corriente de la balanza de pagos del pa\u00eds, registr\u00f3 un d\u00e9ficit de 9 mil 446 millones de d\u00f3lares, provocado por la \u201ccombinaci\u00f3n de d\u00e9ficits\u201d en la balanza de bienes y servicios por 4 mil 772 millones de d\u00f3lares y en la de renta por [&hellip;]<\/p>\n","protected":false},"author":93,"featured_media":0,"comment_status":"open","ping_status":"open","sticky":false,"template":"","format":"standard","meta":{"footnotes":""},"categories":[36],"tags":[],"class_list":["post-5621","post","type-post","status-publish","format-standard","hentry","category-nacion"],"_links":{"self":[{"href":"https:\/\/plazajuarez.mx\/historico\/wp-json\/wp\/v2\/posts\/5621","targetHints":{"allow":["GET"]}}],"collection":[{"href":"https:\/\/plazajuarez.mx\/historico\/wp-json\/wp\/v2\/posts"}],"about":[{"href":"https:\/\/plazajuarez.mx\/historico\/wp-json\/wp\/v2\/types\/post"}],"author":[{"embeddable":true,"href":"https:\/\/plazajuarez.mx\/historico\/wp-json\/wp\/v2\/users\/93"}],"replies":[{"embeddable":true,"href":"https:\/\/plazajuarez.mx\/historico\/wp-json\/wp\/v2\/comments?post=5621"}],"version-history":[{"count":0,"href":"https:\/\/plazajuarez.mx\/historico\/wp-json\/wp\/v2\/posts\/5621\/revisions"}],"wp:attachment":[{"href":"https:\/\/plazajuarez.mx\/historico\/wp-json\/wp\/v2\/media?parent=5621"}],"wp:term":[{"taxonomy":"category","embeddable":true,"href":"https:\/\/plazajuarez.mx\/historico\/wp-json\/wp\/v2\/categories?post=5621"},{"taxonomy":"post_tag","embeddable":true,"href":"https:\/\/plazajuarez.mx\/historico\/wp-json\/wp\/v2\/tags?post=5621"}],"curies":[{"name":"wp","href":"https:\/\/api.w.org\/{rel}","templated":true}]}}