{"id":5619,"date":"2015-05-26T05:00:00","date_gmt":"2015-05-26T05:00:00","guid":{"rendered":"http:\/\/plazajuarez.mx\/index\/index.php\/2015\/05\/26\/balean-casa-de-campana-de-candidato-del-prd-en-ecatepec\/"},"modified":"2015-05-26T05:00:00","modified_gmt":"2015-05-26T05:00:00","slug":"balean-casa-de-campana-de-candidato-del-prd-en-ecatepec","status":"publish","type":"post","link":"https:\/\/plazajuarez.mx\/historico\/balean-casa-de-campana-de-candidato-del-prd-en-ecatepec\/","title":{"rendered":"Balean casa de campa\u00f1a de  candidato del PRD en Ecatepec"},"content":{"rendered":"<p>Ecatepec, M\u00e9x.- La oficina y casa de campa\u00f1a del candidato del PRD a la presidencia municipal de Ecatepec, Octavio Mart\u00ednez Vargas, fue baleada por desconocidos la madrugada de ayer. En el lugar de los hechos, se observan al menos tres impactos y no se han reportado personas lesionadas.<\/p>\n<p>  <!--more-->  <\/p>\n<p>\u00a0<\/p>\n<p>Mart\u00ednez Vargas demand\u00f3 a la Procuradur\u00eda General de Justicia del Estado de M\u00e9xico (PGJEM) que investigue a fondo los hechos e hizo un llamado al gobernador mexiquense, Eruviel \u00c1vila Villegas, a fin de que garantice la seguridad de los candidatos y establezca un clima de seguridad en Ecatepec, de manera que las elecciones del 7 de junio se desarrollen con tranquilidad. (Agencias)<\/p>\n","protected":false},"excerpt":{"rendered":"<p>Ecatepec, M\u00e9x.- La oficina y casa de campa\u00f1a del candidato del PRD a la presidencia municipal de Ecatepec, Octavio Mart\u00ednez Vargas, fue baleada por desconocidos la madrugada de ayer. En el lugar de los hechos, se observan al menos tres impactos y no se han reportado personas lesionadas.<\/p>\n","protected":false},"author":93,"featured_media":0,"comment_status":"open","ping_status":"open","sticky":false,"template":"","format":"standard","meta":{"footnotes":""},"categories":[36],"tags":[],"class_list":["post-5619","post","type-post","status-publish","format-standard","hentry","category-nacion"],"_links":{"self":[{"href":"https:\/\/plazajuarez.mx\/historico\/wp-json\/wp\/v2\/posts\/5619","targetHints":{"allow":["GET"]}}],"collection":[{"href":"https:\/\/plazajuarez.mx\/historico\/wp-json\/wp\/v2\/posts"}],"about":[{"href":"https:\/\/plazajuarez.mx\/historico\/wp-json\/wp\/v2\/types\/post"}],"author":[{"embeddable":true,"href":"https:\/\/plazajuarez.mx\/historico\/wp-json\/wp\/v2\/users\/93"}],"replies":[{"embeddable":true,"href":"https:\/\/plazajuarez.mx\/historico\/wp-json\/wp\/v2\/comments?post=5619"}],"version-history":[{"count":0,"href":"https:\/\/plazajuarez.mx\/historico\/wp-json\/wp\/v2\/posts\/5619\/revisions"}],"wp:attachment":[{"href":"https:\/\/plazajuarez.mx\/historico\/wp-json\/wp\/v2\/media?parent=5619"}],"wp:term":[{"taxonomy":"category","embeddable":true,"href":"https:\/\/plazajuarez.mx\/historico\/wp-json\/wp\/v2\/categories?post=5619"},{"taxonomy":"post_tag","embeddable":true,"href":"https:\/\/plazajuarez.mx\/historico\/wp-json\/wp\/v2\/tags?post=5619"}],"curies":[{"name":"wp","href":"https:\/\/api.w.org\/{rel}","templated":true}]}}