{"id":5618,"date":"2015-05-26T05:00:00","date_gmt":"2015-05-26T05:00:00","guid":{"rendered":"http:\/\/plazajuarez.mx\/index\/index.php\/2015\/05\/26\/lo-asesinaron-de-dos-balazos\/"},"modified":"2015-05-26T05:00:00","modified_gmt":"2015-05-26T05:00:00","slug":"lo-asesinaron-de-dos-balazos","status":"publish","type":"post","link":"https:\/\/plazajuarez.mx\/historico\/lo-asesinaron-de-dos-balazos\/","title":{"rendered":"Lo asesinaron  de dos balazos"},"content":{"rendered":"<p>SE PRESUME QUE LA V\u00cdCTIMA PARTICIP\u00d3 EN UNA RI\u00d1A\u00a0 <\/p>\n<p><strong>* El homicidio provoc\u00f3 una intensa movilizaci\u00f3n de efectivos polic\u00edacos <\/strong><\/p>\n<p><strong>* Lo hallaron ya muerto entre las calles de Miguel Ramos Arizpe y Santiago<\/strong><\/p>\n<p><strong>* En la escena del crimen se encontr\u00f3 una navaja y un casquillo 9 mil\u00edmetros<\/strong><\/p>\n<p>  <!--more-->  <\/p>\n<p>\u00a0<\/p>\n<p>Tr\u00e1gica fue la \u00faltima parranda de un individuo, quien presumiblemente particip\u00f3 en una ri\u00f1a que tuvo lugar en las calles de Miguel Ramos Arizpe y Santiago de esta ciudad capital, la madrugada de ayer al filo de las\u00a0 03:30 horas, pues la v\u00edctima recibi\u00f3 dos impactos de arma de fuego que acabaron con su existencia.<\/p>\n<p>La informaci\u00f3n que se gener\u00f3 en el lugar del asesinato refiere que Jos\u00e9 Gardu\u00f1o Ibarra de 44 a\u00f1os, estuvo ingiriendo bebidas et\u00edlicas con otras personas, pero ya entrada la madrugada al calor de las copas se suscit\u00f3 una ri\u00f1a, donde salieron a relucir un arma blanca, una gorra negra y una pistola de grueso calibre, dejando saldo rojo de un muerto.<\/p>\n<p>Fueron vecinos del lugar quienes v\u00eda telef\u00f3nica alertaron al 066 de Emergencias sobre el pleito que se suscit\u00f3 y donde Jos\u00e9 presuntamente recibi\u00f3 dos impactos de arma de fuego en t\u00f3rax y cavidad abdominal.<\/p>\n<p>Al lugar prontamente acudieron elementos de la Polic\u00eda Municipal, adem\u00e1s de oficiales de la Coordinaci\u00f3n de Seguridad Estatal, los primeros acordonaron el \u00e1rea y los segundos dieron aviso a la agencia del Ministerio P\u00fablico para que el representante social se trasladara al sitio indicado para dar fe de lo acontecido.<\/p>\n<p>Asimismo se tuvo la asistencia de socorristas de la Cruz Roja quienes llegaron a bordo de la ambulancia 00-127, mismos que prestaron ayuda al infortunado, pero ya no pudieron hacer nada, pues al tomarle sus signos vitales corroboraron que ya estaba muerto.<\/p>\n<p>En el lugar se supo que el infortunado era vecino del barrio Las Lajas de esta capital hidalguense y al termino de las labores del funcionario p\u00fablico se orden\u00f3 el levantamiento y traslado del cad\u00e1ver al Servicio M\u00e9dico Forense para la necropsia de rigor.<\/p>\n<p>Cabe mencionar que al lugar tambi\u00e9n arribaron efectivos de la Coordinaci\u00f3n de Investigaci\u00f3n adscritos al grupo de Homicidios, quienes dieron inicio a las indagatorias para tratar de esclarecer el crimen.<\/p>\n<p>Del caso la Procuradur\u00eda General de Justicia del estado de Hidalgo, que preside Alejandro Straffon Ortiz, dio a conocer que se dio origen a la carpeta de investigaci\u00f3n n\u00famero 12-2015-4081, por lo que resulte de la muerte de un hombre de 44 a\u00f1os edad, vecino del barrio Las Lajas quien ya fue identificado\u00a0 por sus familiares.<\/p>\n<p>Se detall\u00f3 que el cuerpo del infortunado fue hallado tirado entre las calles de Miguel Ramos Arizpe y Santiago de la ciudad de Pachuca, el cual vest\u00eda pantal\u00f3n de mezclilla azul, cintur\u00f3n caf\u00e9, playera gris, chamarra caf\u00e9 y zapatos caf\u00e9.<\/p>\n<p>Tambi\u00e9n se destac\u00f3 que el personal de la Direcci\u00f3n General de Servicios Periciales en la escena del crimen, recabaron los indicios para la elaboraci\u00f3n de los dict\u00e1menes correspondientes.<\/p>\n<p>En tanto agentes de la Coordinaci\u00f3n de Investigaci\u00f3n ya trabajan en las pesquisas para localizaci\u00f3n de \u00e9l o\u00a0 los responsables del hecho.<\/p>\n<p>En lo que corresponde a la\u00a0 carpeta de investigaci\u00f3n se reiter\u00f3 que esta se encuentra en integraci\u00f3n y se resolver\u00e1 en el t\u00e9rmino legal correspondiente.<\/p>\n<p>Finalmente la dependencia dedicada a la procuraci\u00f3n de justicia asever\u00f3 que luego de realizar la necropsia legal correspondiente, los resultados determinaron que la causa de muerte fue por Anemia aguda consecutiva a laceraci\u00f3n de ri\u00f1\u00f3n por herida de proyectil disparado por arma de fuego penetrante en cavidad abdominal.<\/p>\n","protected":false},"excerpt":{"rendered":"<p>SE PRESUME QUE LA V\u00cdCTIMA PARTICIP\u00d3 EN UNA RI\u00d1A\u00a0 * El homicidio provoc\u00f3 una intensa movilizaci\u00f3n de efectivos polic\u00edacos * Lo hallaron ya muerto entre las calles de Miguel Ramos Arizpe y Santiago * En la escena del crimen se encontr\u00f3 una navaja y un casquillo 9 mil\u00edmetros<\/p>\n","protected":false},"author":93,"featured_media":0,"comment_status":"open","ping_status":"open","sticky":false,"template":"","format":"standard","meta":{"footnotes":""},"categories":[37],"tags":[],"class_list":["post-5618","post","type-post","status-publish","format-standard","hentry","category-barandilla"],"_links":{"self":[{"href":"https:\/\/plazajuarez.mx\/historico\/wp-json\/wp\/v2\/posts\/5618","targetHints":{"allow":["GET"]}}],"collection":[{"href":"https:\/\/plazajuarez.mx\/historico\/wp-json\/wp\/v2\/posts"}],"about":[{"href":"https:\/\/plazajuarez.mx\/historico\/wp-json\/wp\/v2\/types\/post"}],"author":[{"embeddable":true,"href":"https:\/\/plazajuarez.mx\/historico\/wp-json\/wp\/v2\/users\/93"}],"replies":[{"embeddable":true,"href":"https:\/\/plazajuarez.mx\/historico\/wp-json\/wp\/v2\/comments?post=5618"}],"version-history":[{"count":0,"href":"https:\/\/plazajuarez.mx\/historico\/wp-json\/wp\/v2\/posts\/5618\/revisions"}],"wp:attachment":[{"href":"https:\/\/plazajuarez.mx\/historico\/wp-json\/wp\/v2\/media?parent=5618"}],"wp:term":[{"taxonomy":"category","embeddable":true,"href":"https:\/\/plazajuarez.mx\/historico\/wp-json\/wp\/v2\/categories?post=5618"},{"taxonomy":"post_tag","embeddable":true,"href":"https:\/\/plazajuarez.mx\/historico\/wp-json\/wp\/v2\/tags?post=5618"}],"curies":[{"name":"wp","href":"https:\/\/api.w.org\/{rel}","templated":true}]}}