{"id":5616,"date":"2015-05-26T05:00:00","date_gmt":"2015-05-26T05:00:00","guid":{"rendered":"http:\/\/plazajuarez.mx\/index\/index.php\/2015\/05\/26\/choca-automovilista-contra-senalamiento-vial\/"},"modified":"2015-05-26T05:00:00","modified_gmt":"2015-05-26T05:00:00","slug":"choca-automovilista-contra-senalamiento-vial","status":"publish","type":"post","link":"https:\/\/plazajuarez.mx\/historico\/choca-automovilista-contra-senalamiento-vial\/","title":{"rendered":"Choca automovilista contra se\u00f1alamiento vial"},"content":{"rendered":"<p>CONDUCTOR GRAVEMENTE LESIONADO<\/p>\n<p>  <!--more-->  <\/p>\n<p>\u00a0<\/p>\n<p>A la avenida Carlos Plazo en Tepeapulco se trasladaron los servicios m\u00e9dicos para brindar los primeros auxilios a un conductor que perdi\u00f3 el control de su veh\u00edculo e impact\u00f3 contra un se\u00f1alamiento vial, situaci\u00f3n que dej\u00f3 al hombre con lesiones de consideraci\u00f3n.<\/p>\n<p>\u00a0<\/p>\n<p>Se trata de automovilista que viajaba a bordo de una unidad de la marca Volkswagen, tipo Pointer modelo 99, de color verde y con placas de circulaci\u00f3n 401-FT, quien al conducir sin las medidas de precauci\u00f3n, choc\u00f3 contra el objeto fijo y result\u00f3 gravemente lesionado.<\/p>\n<p>\u00a0<\/p>\n<p>Testigos de los hechos, solicitaron la presencia de los param\u00e9dicos de la Cruz Roja, as\u00ed como la intervenci\u00f3n de los oficiales pertenecientes a la Secretar\u00eda de Seguridad P\u00fablica de Hidalgo (SSPH) quienes arribaron a bordo de la patrulla 01-040 hasta el lugar para tomar conocimiento de los hechos y atender el accidente.<\/p>\n<p>\u00a0<\/p>\n<p>Los oficiales entrevistaron al conductor, quien responde al nombre de L\u00e1zaro Mendoza de 45 a\u00f1os de edad, quien fue atendido en el lugar por los servicios m\u00e9dicos, sin embargo por la gravedad de las lesiones tuvo que ser trasladado en la ambulancia de la Cruz Roja hasta la Cl\u00ednica Santa Fe ubicada en Ciudad Sahag\u00fan.<\/p>\n<p>\u00a0<\/p>\n<p>Mientras tanto, los elementos pertenecientes a la Coordinaci\u00f3n de Seguridad Estatal verificaron que la circulaci\u00f3n en la avenida transcurriera de forma \u00e1gil, mientras que el veh\u00edculo fue asegurado y puesto a disposici\u00f3n del Ministerio P\u00fablico.<\/p>\n","protected":false},"excerpt":{"rendered":"<p>CONDUCTOR GRAVEMENTE LESIONADO<\/p>\n","protected":false},"author":93,"featured_media":0,"comment_status":"open","ping_status":"open","sticky":false,"template":"","format":"standard","meta":{"footnotes":""},"categories":[37],"tags":[],"class_list":["post-5616","post","type-post","status-publish","format-standard","hentry","category-barandilla"],"_links":{"self":[{"href":"https:\/\/plazajuarez.mx\/historico\/wp-json\/wp\/v2\/posts\/5616","targetHints":{"allow":["GET"]}}],"collection":[{"href":"https:\/\/plazajuarez.mx\/historico\/wp-json\/wp\/v2\/posts"}],"about":[{"href":"https:\/\/plazajuarez.mx\/historico\/wp-json\/wp\/v2\/types\/post"}],"author":[{"embeddable":true,"href":"https:\/\/plazajuarez.mx\/historico\/wp-json\/wp\/v2\/users\/93"}],"replies":[{"embeddable":true,"href":"https:\/\/plazajuarez.mx\/historico\/wp-json\/wp\/v2\/comments?post=5616"}],"version-history":[{"count":0,"href":"https:\/\/plazajuarez.mx\/historico\/wp-json\/wp\/v2\/posts\/5616\/revisions"}],"wp:attachment":[{"href":"https:\/\/plazajuarez.mx\/historico\/wp-json\/wp\/v2\/media?parent=5616"}],"wp:term":[{"taxonomy":"category","embeddable":true,"href":"https:\/\/plazajuarez.mx\/historico\/wp-json\/wp\/v2\/categories?post=5616"},{"taxonomy":"post_tag","embeddable":true,"href":"https:\/\/plazajuarez.mx\/historico\/wp-json\/wp\/v2\/tags?post=5616"}],"curies":[{"name":"wp","href":"https:\/\/api.w.org\/{rel}","templated":true}]}}