{"id":55687,"date":"2018-01-18T14:39:33","date_gmt":"2018-01-18T14:39:33","guid":{"rendered":"http:\/\/plazajuarez.mx\/index\/index.php\/2018\/01\/18\/futbol-nacional-948\/"},"modified":"2018-01-18T14:39:33","modified_gmt":"2018-01-18T14:39:33","slug":"futbol-nacional-948","status":"publish","type":"post","link":"https:\/\/plazajuarez.mx\/historico\/futbol-nacional-948\/","title":{"rendered":"Futbol Nacional"},"content":{"rendered":"<p>\u00a0#ROJINEGROS DEL ATLAS <br \/>Rafa M\u00e1rquez es el apoyo del t\u00e9cnico Gerardo Espinoza<br \/>\u00a0\u00a0 \u00a0\u2022\u00a0\u00a0 \u00a0El &#8220;Kaiser&#8221; le brind\u00f3 apoyo incondicional a Espinoza, quien ha platicado mucho con el experimentado elemento rojinegro y ambos coincidieron en que se deben modificar algunos aspectos\u2028<\/p>\n<p>  <!--more-->  <\/p>\n<p>En cuanto le dieron la noticia que ser\u00eda el t\u00e9cnico del primer equipo para el encuentro de la fecha tres ante el Toluca, Gerardo Espinoza hizo dos cosas, la primera fue agradecerle a Gustavo Guzm\u00e1n por la oportunidad brindada; segundo, intercambi\u00f3 puntos de vista con el capit\u00e1n, l\u00edder y jerarca en el Atlas, Rafael M\u00e1rquez.\u2028&#8221;Soy menor que Rafa, pero es un profesional, el cargo de entrenador est\u00e1 en mi persona en este momento. Uno tiene que plasmar una idea en la cual todos los jugadores deben adecuarse lo antes posible. Rafa est\u00e1 dispuesto al trabajo, lo cual se agradece porque es el l\u00edder del equipo&#8221;, se\u00f1al\u00f3.\u2028El &#8220;Kaiser&#8221; le brind\u00f3 apoyo incondicional a Espinoza, quien ha platicado mucho con el experimentado elemento rojinegro y ambos coincidieron en que se deben modificar algunos aspectos, siendo el t\u00e9cnico quien tome la responsabilidad en las modificaciones que se ver\u00e1n el viernes, ante los diablos.\u2028&#8221;Cambiar\u00e9 algunos cuantos hombres, pero en cuanto al dibujo t\u00e1ctico no habr\u00e1 tantos cambios. He observado, estado al pendiente del primer equipo y los jugadores extranjeros que acaban de llegar no est\u00e1n en su mejor versi\u00f3n, creo que debemos ir adapt\u00e1ndolos al futbol mexicano, darles tiempo y vamos a salir con lo que hay. El ir adaptando jugadores j\u00f3venes con experimentados, es algo que se hace en este equipo&#8221;, dijo.\u2028Adelant\u00f3 el estratega que la dirigencia no le ha mencionado que, en caso de ganar el partido se quedar\u00e1 otro, pero trabaja ilusionado en ganar su primer encuentro dirigido en la m\u00e1xima categor\u00eda y para lo cual, est\u00e1 trabajando duro en darle orden a la defensa, porque la ve fr\u00e1gil.\u2028\u2028<br \/>**<br \/>#QUER\u00c9TARO<br \/>Llega \u00faltimo refuerzo a Gallos Blancos<\/p>\n<p>Gallos Blancos del Quer\u00e9taro ya tiene carro completo para encarar el Clausura 2018 e intentar salvar su categor\u00eda como club de Primera Divisi\u00f3n, y es que fue presentado en la cancha del estadio Corregidora el mediocampista peruano Joel S\u00e1nchez.\u2028El jugador sudamericano explic\u00f3 que est\u00e1 entrenando en el Centro Gallo de Alto Rendimiento (Cegar) desde el lunes pasado y espera aportar su granito de arena para que los emplumados cumplan sus objetivos.\u2028\u201cYo estoy tratando de aclimatarme primero y despu\u00e9s lo que yo puedo ofrecerle al equipo es mucho esfuerzo, mucho compromiso, s\u00e9 que el equipo se est\u00e1 jugando muchas cosas y junto a \u00e9l quiero crecer\u201d, asever\u00f3.\u2028Con miras a un posible llamado de la Selecci\u00f3n de Per\u00fa para disputar el Mundial de Rusia 2018, se\u00f1al\u00f3 que espera mostrarse en la Liga MX, a la que calific\u00f3 como muy competitiva.\u00a0\u2028\u201cLa verdad trabajar con presi\u00f3n es un poco dif\u00edcil, yo quiero disfrutar el tiempo que estoy ac\u00e1, disfrutar de cada entrenamiento, de cada pr\u00e1ctica, de cada partido que me toque jugar y darme al m\u00e1ximo, y con ayuda de Dios estoy seguro que voy a cumplir mis metas\u201d, dijo.\u2028En cuanto a sus caracter\u00edsticas de juego, mencion\u00f3 que \u201cme gusta de ser ofensivo, trato de llegar siempre al \u00e1rea contraria, me gusta tocar mucho la pelota, me gusta estar en contacto siempre con el bal\u00f3n y poder crear ocasiones de gol para el equipo\u201d.\u2028\u2028<\/p>\n","protected":false},"excerpt":{"rendered":"<p>\u00a0#ROJINEGROS DEL ATLAS Rafa M\u00e1rquez es el apoyo del t\u00e9cnico Gerardo Espinoza\u00a0\u00a0 \u00a0\u2022\u00a0\u00a0 \u00a0El &#8220;Kaiser&#8221; le brind\u00f3 apoyo incondicional a Espinoza, quien ha platicado mucho con el experimentado elemento rojinegro y ambos coincidieron en que se deben modificar algunos aspectos\u2028<\/p>\n","protected":false},"author":93,"featured_media":0,"comment_status":"open","ping_status":"open","sticky":false,"template":"","format":"standard","meta":{"footnotes":""},"categories":[39],"tags":[],"class_list":["post-55687","post","type-post","status-publish","format-standard","hentry","category-deportiva"],"_links":{"self":[{"href":"https:\/\/plazajuarez.mx\/historico\/wp-json\/wp\/v2\/posts\/55687","targetHints":{"allow":["GET"]}}],"collection":[{"href":"https:\/\/plazajuarez.mx\/historico\/wp-json\/wp\/v2\/posts"}],"about":[{"href":"https:\/\/plazajuarez.mx\/historico\/wp-json\/wp\/v2\/types\/post"}],"author":[{"embeddable":true,"href":"https:\/\/plazajuarez.mx\/historico\/wp-json\/wp\/v2\/users\/93"}],"replies":[{"embeddable":true,"href":"https:\/\/plazajuarez.mx\/historico\/wp-json\/wp\/v2\/comments?post=55687"}],"version-history":[{"count":0,"href":"https:\/\/plazajuarez.mx\/historico\/wp-json\/wp\/v2\/posts\/55687\/revisions"}],"wp:attachment":[{"href":"https:\/\/plazajuarez.mx\/historico\/wp-json\/wp\/v2\/media?parent=55687"}],"wp:term":[{"taxonomy":"category","embeddable":true,"href":"https:\/\/plazajuarez.mx\/historico\/wp-json\/wp\/v2\/categories?post=55687"},{"taxonomy":"post_tag","embeddable":true,"href":"https:\/\/plazajuarez.mx\/historico\/wp-json\/wp\/v2\/tags?post=55687"}],"curies":[{"name":"wp","href":"https:\/\/api.w.org\/{rel}","templated":true}]}}