{"id":55682,"date":"2018-01-18T14:35:19","date_gmt":"2018-01-18T14:35:19","guid":{"rendered":"http:\/\/plazajuarez.mx\/index\/index.php\/2018\/01\/18\/presunto-intento-de-secuestro-contra-el-alcalde-pascual-charrez-pedraza\/"},"modified":"2018-01-18T14:35:19","modified_gmt":"2018-01-18T14:35:19","slug":"presunto-intento-de-secuestro-contra-el-alcalde-pascual-charrez-pedraza","status":"publish","type":"post","link":"https:\/\/plazajuarez.mx\/historico\/presunto-intento-de-secuestro-contra-el-alcalde-pascual-charrez-pedraza\/","title":{"rendered":"Presunto intento de secuestro contra el alcalde, Pascual Charrez Pedraza"},"content":{"rendered":"<p>Ixmiquilpan<br \/>\u00a0\u00a0 \u00a0\u2022\u00a0\u00a0 \u00a0Asegura que lo intentaron secuestrar la tarde del martes; presume que detr\u00e1s del intento estar\u00eda la Comisi\u00f3n Federal de Electricidad \u2028<\/p>\n<p>  <!--more-->  <\/p>\n<p>La Comisi\u00f3n Federal de Electricidad (CFE), estar\u00eda detr\u00e1s del presunto intento de secuestro contra el presidente municipal de Ixmiquilpan, Pascual Charrez Pedraza, quien relat\u00f3 lo ocurrido durante la tarde del martes sobre la carretera M\u00e9xico-Laredo a la altura de Yolotepec municipio de Santiago de Anaya. <br \/>El intento de secuestro estar\u00eda relacionado con la manifestaci\u00f3n que \u00e9l encabez\u00f3 el viernes de la semana pasada, en la que denunci\u00f3 cobros excesivos \u00a0a usuarios de pozos de agua potable y de irrigaci\u00f3n. <br \/>Intuy\u00f3, que este hecho fue premeditado, en el que la paraestatal estar\u00eda relacionada. <br \/>La oficina de prensa del alcalde emiti\u00f3 un comunicado de prensa, en el que \u00a0detall\u00f3 lo sucedido, asegurando que durante los hechos, s\u00f3lo viajaba \u00e9l, su chofer y una persona m\u00e1s que lo acompa\u00f1aba. <br \/>La persecuci\u00f3n, seg\u00fan relat\u00f3, termin\u00f3 hasta Patria Nueva sobre la misma carretera, tom\u00f3 el retorn\u00f3 hacia Ixmiquilpan, donde encontr\u00f3 protecci\u00f3n en el poblado de Juli\u00e1n Villagr\u00e1n. <br \/>\u201c\u00cdbamos tranquilos a Pachuca cuando de repente en Yolotepec (municipio de Santiago de Anaya) \u00a0un veh\u00edculo Mitsubishi tipo van color azul con placas de la Ciudad de M\u00e9xico nos da un cerr\u00f3n, bloqueando el paso de la camioneta\u2026 Se paran y salen unos 6 \u00f3 7 individuos para tratar de capturarnos&#8221;(sic).<br \/>Los sujetos de la Mitsubishi los comenzaron a perseguir y lo rebasaron en el poblado de Patria Nueva, poblado de Santiago de Anaya. <br \/>\u201cSe nos adelantaron unos 20 metros y \u00a0volvieron a bloquear el paso lo que aprovechamos para dar media vuelta por un retorno y regresamos a Ixmiquilpan&#8221;, relat\u00f3 Charrez (sic).<br \/>Insisti\u00f3 en que el Gobierno Federal est\u00e1 detr\u00e1s de lo ocurrido, porque ha sido incomodo que \u00e9l haya denunciado los cobros excesivos por parte de esta compa\u00f1\u00eda, en contra de los habitantes de Ixmiquilpan y de otros municipios.<br \/>\u201cAl Gobierno Federal le incomod\u00f3 que hici\u00e9ramos esta movilizaci\u00f3n porque es un incremento de entre 200 y 300 por ciento a la energ\u00eda el\u00e9ctrica utilizada en pozos de comunidades ind\u00edgenas&#8221; (sic). <br \/>Asegur\u00f3, que acudir\u00eda a presentar su denuncia penal ante la Procuradur\u00eda General de Justicia del Estado de Hidalgo (PGJEH).<\/p>\n","protected":false},"excerpt":{"rendered":"<p>Ixmiquilpan\u00a0\u00a0 \u00a0\u2022\u00a0\u00a0 \u00a0Asegura que lo intentaron secuestrar la tarde del martes; presume que detr\u00e1s del intento estar\u00eda la Comisi\u00f3n Federal de Electricidad \u2028<\/p>\n","protected":false},"author":93,"featured_media":0,"comment_status":"open","ping_status":"open","sticky":false,"template":"","format":"standard","meta":{"footnotes":""},"categories":[40],"tags":[],"class_list":["post-55682","post","type-post","status-publish","format-standard","hentry","category-region"],"_links":{"self":[{"href":"https:\/\/plazajuarez.mx\/historico\/wp-json\/wp\/v2\/posts\/55682","targetHints":{"allow":["GET"]}}],"collection":[{"href":"https:\/\/plazajuarez.mx\/historico\/wp-json\/wp\/v2\/posts"}],"about":[{"href":"https:\/\/plazajuarez.mx\/historico\/wp-json\/wp\/v2\/types\/post"}],"author":[{"embeddable":true,"href":"https:\/\/plazajuarez.mx\/historico\/wp-json\/wp\/v2\/users\/93"}],"replies":[{"embeddable":true,"href":"https:\/\/plazajuarez.mx\/historico\/wp-json\/wp\/v2\/comments?post=55682"}],"version-history":[{"count":0,"href":"https:\/\/plazajuarez.mx\/historico\/wp-json\/wp\/v2\/posts\/55682\/revisions"}],"wp:attachment":[{"href":"https:\/\/plazajuarez.mx\/historico\/wp-json\/wp\/v2\/media?parent=55682"}],"wp:term":[{"taxonomy":"category","embeddable":true,"href":"https:\/\/plazajuarez.mx\/historico\/wp-json\/wp\/v2\/categories?post=55682"},{"taxonomy":"post_tag","embeddable":true,"href":"https:\/\/plazajuarez.mx\/historico\/wp-json\/wp\/v2\/tags?post=55682"}],"curies":[{"name":"wp","href":"https:\/\/api.w.org\/{rel}","templated":true}]}}