{"id":55681,"date":"2018-01-18T14:35:11","date_gmt":"2018-01-18T14:35:11","guid":{"rendered":"http:\/\/plazajuarez.mx\/index\/index.php\/2018\/01\/18\/detienen-a-vicente-charrez-pedraza-en-posesion-de-un-auto-con-presunto-reporte-de-robo\/"},"modified":"2018-01-18T14:35:11","modified_gmt":"2018-01-18T14:35:11","slug":"detienen-a-vicente-charrez-pedraza-en-posesion-de-un-auto-con-presunto-reporte-de-robo","status":"publish","type":"post","link":"https:\/\/plazajuarez.mx\/historico\/detienen-a-vicente-charrez-pedraza-en-posesion-de-un-auto-con-presunto-reporte-de-robo\/","title":{"rendered":"Detienen a Vicente Charrez Pedraza en posesi\u00f3n de un auto con presunto reporte de robo"},"content":{"rendered":"<p>Ixmiquilpan<br \/>\u00a0\u00a0 \u00a0\u2022\u00a0\u00a0 \u00a0El dirigente de la organizaci\u00f3n Avance fue puesto en libertad m\u00e1s tarde\u2028<br \/>\u201cLos ministerios p\u00fablicos dec\u00edan que eran \u00f3rdenes de arriba de consignarlo\u201d. Por su parte, la Presidencia Municipal aclar\u00f3, que Vicente Charrez, hermano del alcalde, ya no labora en la alcald\u00eda, se desempe\u00f1aba como coordinador de los secretarios desde el cinco de septiembre del 2016 <\/p>\n<p>  <!--more-->  <\/p>\n<p>El dirigente de la organizaci\u00f3n Avance, Vicente Charrez Pedraza, fue detenido por elementos de la Secretar\u00eda de Seguridad P\u00fablica de Hidalgo (SSPH), en posesi\u00f3n de un auto con reporte de robo, m\u00e1s tarde qued\u00f3 en libertad. <br \/>La detenci\u00f3n se dio la tarde del martes, en el municipio de Actopan, cuando \u00e9l se dirig\u00eda hacia la ciudad de Pachuca. <br \/>Seg\u00fan el informe, \u00e9l fue detenido y trasladado a la Procuradur\u00eda General de Justicia del Estado de Hidalgo (PGJEH). <br \/>Aclar\u00f3 que el auto no era de su propiedad, se lo hab\u00edan prestado, el mismo due\u00f1o acudi\u00f3 a la Procuradur\u00eda a presentar pruebas de que el carro le pertenec\u00eda y que \u00e9ste no presenta reporte de robo. <br \/>Fue dejado en libertad durante la madrugada de ayer mi\u00e9rcoles, presuntamente porque no hubo pruebas para vincularlo a proceso,\u00a0mientras que el due\u00f1o del autom\u00f3vil aclar\u00f3 que s\u00f3lo se lo hab\u00eda prestado. <br \/>Enrique Ventura Mart\u00ednez, delegado municipal de la localidad El Bondho, explic\u00f3, que durante la tarde del 15 de enero\u00a0prest\u00f3 su camioneta a Vicente Charrez. Se trata de una camioneta recuperada.<br \/>\u201cMe pidieron que presentara los documentos para acreditar la propiedad. Al llegar ya se hab\u00edan llevado a Vicente a Pachuca. Los ministeriales s\u00f3lo me dijeron que los siguiera hasta Pachuca a las instalaciones de la procuradur\u00eda\u201d (sic).<br \/>\u201cChecamos que en el Repuve aparece el veh\u00edculo recuperado, el veh\u00edculo por reporte de placas\u201d. Se\u00f1al\u00f3, que se mostraron los documentos en los que acredit\u00f3 la propiedad, sin embargo aun as\u00ed no dejaban libre a Vicente Charrez. <br \/>Tras decir que hab\u00eda un problema de las placas m\u00e1s no del veh\u00edculo \u201cel cual totalmente est\u00e1 comprobado que es procedencia legal\u201d. <br \/>Ventura asegur\u00f3 que \u201cal momento de comprarlo no sab\u00eda que ten\u00eda alg\u00fan problema\u201d.<\/p>\n","protected":false},"excerpt":{"rendered":"<p>Ixmiquilpan\u00a0\u00a0 \u00a0\u2022\u00a0\u00a0 \u00a0El dirigente de la organizaci\u00f3n Avance fue puesto en libertad m\u00e1s tarde\u2028\u201cLos ministerios p\u00fablicos dec\u00edan que eran \u00f3rdenes de arriba de consignarlo\u201d. Por su parte, la Presidencia Municipal aclar\u00f3, que Vicente Charrez, hermano del alcalde, ya no labora en la alcald\u00eda, se desempe\u00f1aba como coordinador de los secretarios desde el cinco de septiembre [&hellip;]<\/p>\n","protected":false},"author":93,"featured_media":0,"comment_status":"open","ping_status":"open","sticky":false,"template":"","format":"standard","meta":{"footnotes":""},"categories":[40],"tags":[],"class_list":["post-55681","post","type-post","status-publish","format-standard","hentry","category-region"],"_links":{"self":[{"href":"https:\/\/plazajuarez.mx\/historico\/wp-json\/wp\/v2\/posts\/55681","targetHints":{"allow":["GET"]}}],"collection":[{"href":"https:\/\/plazajuarez.mx\/historico\/wp-json\/wp\/v2\/posts"}],"about":[{"href":"https:\/\/plazajuarez.mx\/historico\/wp-json\/wp\/v2\/types\/post"}],"author":[{"embeddable":true,"href":"https:\/\/plazajuarez.mx\/historico\/wp-json\/wp\/v2\/users\/93"}],"replies":[{"embeddable":true,"href":"https:\/\/plazajuarez.mx\/historico\/wp-json\/wp\/v2\/comments?post=55681"}],"version-history":[{"count":0,"href":"https:\/\/plazajuarez.mx\/historico\/wp-json\/wp\/v2\/posts\/55681\/revisions"}],"wp:attachment":[{"href":"https:\/\/plazajuarez.mx\/historico\/wp-json\/wp\/v2\/media?parent=55681"}],"wp:term":[{"taxonomy":"category","embeddable":true,"href":"https:\/\/plazajuarez.mx\/historico\/wp-json\/wp\/v2\/categories?post=55681"},{"taxonomy":"post_tag","embeddable":true,"href":"https:\/\/plazajuarez.mx\/historico\/wp-json\/wp\/v2\/tags?post=55681"}],"curies":[{"name":"wp","href":"https:\/\/api.w.org\/{rel}","templated":true}]}}