{"id":55677,"date":"2018-01-18T14:34:07","date_gmt":"2018-01-18T14:34:07","guid":{"rendered":"http:\/\/plazajuarez.mx\/index\/index.php\/2018\/01\/18\/aumentaron-hasta-en-un-16-por-ciento-las-atenciones-por-enfermedades-respiratorias\/"},"modified":"2018-01-18T14:34:07","modified_gmt":"2018-01-18T14:34:07","slug":"aumentaron-hasta-en-un-16-por-ciento-las-atenciones-por-enfermedades-respiratorias","status":"publish","type":"post","link":"https:\/\/plazajuarez.mx\/historico\/aumentaron-hasta-en-un-16-por-ciento-las-atenciones-por-enfermedades-respiratorias\/","title":{"rendered":"Aumentaron hasta en un 16 por ciento las atenciones por enfermedades respiratorias"},"content":{"rendered":"<p>Tulancingo <br \/>\u00a0\u00a0 \u00a0\u2022\u00a0\u00a0 \u00a0Informaron los 21 Centros de Salud de la Jurisdicci\u00f3n Sanitaria II\u2028<\/p>\n<p>  <!--more-->  <\/p>\n<p>Debido a las g\u00e9lidas temperaturas, las atenciones por Infecciones Respiratorias Agudas (IRAS) aumentaron entre 13 y 16 por ciento, seg\u00fan reportaron los 21 Centros de Salud que operan en Cuautepec, Santiago Tulantepec, Singuilucan y Tulancingo, adscritos a la Jurisdicci\u00f3n Sanitaria II.<br \/>El jefe de dicha jurisdicci\u00f3n, C\u00e9sar Guti\u00e9rrez Ch\u00e1vez, explic\u00f3 que a pesar de que dicho incremento encaja dentro de los par\u00e1metros normales, el personal trabaja para evitar un posible repunte en materia de IRAS, debido a las temperaturas bajo cero registradas en la regi\u00f3n durante los \u00faltimos d\u00edas. <br \/>Record\u00f3 que la Jurisdicci\u00f3n Sanitaria II tiene como meta la aplicaci\u00f3n de 46 mil 64 vacunas contra la influenza al \u00faltimo d\u00eda del presente mes, de las cuales, al cierre del 31 de diciembre de 2017, hab\u00edan inmunizado a 32 mil 409 personas.<br \/>En la vacunaci\u00f3n contra la influenza, dijo, tiene prioridad el llamado grupo blanco, es decir, ni\u00f1os de seis a 59 meses de edad y adultos de 60 a\u00f1os en adelante; as\u00ed como los grupos de riesgo que incluye a mujeres embarazadas; personal de salud; personas con VIH, diabetes mellitus, obesidad m\u00f3rbida, cardiopat\u00edas, asma sin control o c\u00e1ncer. <br \/>No dud\u00f3 que cumplir\u00e1n la meta establecida aunque reconoci\u00f3 que los mitos y costumbres persisten como el principal limitante, para alcanzar la poblaci\u00f3n planteada. <\/p>\n","protected":false},"excerpt":{"rendered":"<p>Tulancingo \u00a0\u00a0 \u00a0\u2022\u00a0\u00a0 \u00a0Informaron los 21 Centros de Salud de la Jurisdicci\u00f3n Sanitaria II\u2028<\/p>\n","protected":false},"author":93,"featured_media":0,"comment_status":"open","ping_status":"open","sticky":false,"template":"","format":"standard","meta":{"footnotes":""},"categories":[40],"tags":[],"class_list":["post-55677","post","type-post","status-publish","format-standard","hentry","category-region"],"_links":{"self":[{"href":"https:\/\/plazajuarez.mx\/historico\/wp-json\/wp\/v2\/posts\/55677","targetHints":{"allow":["GET"]}}],"collection":[{"href":"https:\/\/plazajuarez.mx\/historico\/wp-json\/wp\/v2\/posts"}],"about":[{"href":"https:\/\/plazajuarez.mx\/historico\/wp-json\/wp\/v2\/types\/post"}],"author":[{"embeddable":true,"href":"https:\/\/plazajuarez.mx\/historico\/wp-json\/wp\/v2\/users\/93"}],"replies":[{"embeddable":true,"href":"https:\/\/plazajuarez.mx\/historico\/wp-json\/wp\/v2\/comments?post=55677"}],"version-history":[{"count":0,"href":"https:\/\/plazajuarez.mx\/historico\/wp-json\/wp\/v2\/posts\/55677\/revisions"}],"wp:attachment":[{"href":"https:\/\/plazajuarez.mx\/historico\/wp-json\/wp\/v2\/media?parent=55677"}],"wp:term":[{"taxonomy":"category","embeddable":true,"href":"https:\/\/plazajuarez.mx\/historico\/wp-json\/wp\/v2\/categories?post=55677"},{"taxonomy":"post_tag","embeddable":true,"href":"https:\/\/plazajuarez.mx\/historico\/wp-json\/wp\/v2\/tags?post=55677"}],"curies":[{"name":"wp","href":"https:\/\/api.w.org\/{rel}","templated":true}]}}