{"id":55676,"date":"2018-01-18T14:27:35","date_gmt":"2018-01-18T14:27:35","guid":{"rendered":"http:\/\/plazajuarez.mx\/index\/index.php\/2018\/01\/18\/esperan-una-inyeccion-de-recursos-en-proteccion-civil\/"},"modified":"2018-01-18T14:27:35","modified_gmt":"2018-01-18T14:27:35","slug":"esperan-una-inyeccion-de-recursos-en-proteccion-civil","status":"publish","type":"post","link":"https:\/\/plazajuarez.mx\/historico\/esperan-una-inyeccion-de-recursos-en-proteccion-civil\/","title":{"rendered":"Esperan una inyecci\u00f3n de recursos en Protecci\u00f3n Civil"},"content":{"rendered":"<p>ESTE A\u00d1O \u00a0\u00a0\u00a0 <br \/>\u00a0\u00a0 \u00a0\u2022\u00a0\u00a0 \u00a0A efecto de modernizar instalaciones y adquisici\u00f3n de nuevo equipo\u2028<br \/>\u00a0\u00a0 \u00a0\u2022\u00a0\u00a0 \u00a0Viva la esperanza de conseguir el puesto de mando m\u00f3vil\u2028<\/p>\n<p>  <!--more-->  <\/p>\n<p>El titular de la subsecretar\u00eda de Protecci\u00f3n Civil y Gesti\u00f3n de Riesgos, Miguel Garc\u00eda Conde, manifest\u00f3 que para este a\u00f1o se espera una inyecci\u00f3n de recursos, para la modernizaci\u00f3n de instalaciones y la adquisici\u00f3n de nuevo equipo.<br \/>Destac\u00f3 que la cuesti\u00f3n econ\u00f3mica es un tema dif\u00edcil, sin embargo enfatiz\u00f3 que la reingenier\u00eda inteligente, prudente y responsable implementado por gobierno del estado, permite tener la esperanza de que \u00e9sta \u00e1rea tenga un recurso importante.<br \/>\u00a0\u201c2017 fue dif\u00edcil econ\u00f3micamente, no obstante gracias a esos puntos de ahorro, hay una gran posibilidad de que podamos ejercer un presupuesto austero pero decoroso, el \u00e1rea lo necesita y se lo merece\u201d, dijo.<br \/>Agreg\u00f3, \u201cHay mucha conciencia del secretario de gobierno y del propio gobernador, empezamos el a\u00f1o bien, con \u00e1nimo de trabajar como siempre, lo hacemos con mucha esperanza de que sigamos haciendo m\u00e1s de lo mismo pero mejor\u201d.<br \/>En ese sentido, Garc\u00eda Conde precis\u00f3 dentro de las prioridades del mandatario estatal, la adquisici\u00f3n del puesto de mando m\u00f3vil, pendiente desde el a\u00f1o pasado, \u201cque nos permita desde cualquier punto del estado tener el atlas de riesgo visualizado, constituirnos como un centro de mando y atenci\u00f3n en cualquier punto y desplazarlo para eventos masivos\u201d<br \/>Precis\u00f3 que se trata de una unidad muy costosa, sin embargo, \u201cno perdemos la esperanza de que se adquiera, el gobernador tiene muchas ganas de poderlo conseguir, el secretario de gobierno tambi\u00e9n sabe que es para darle a la poblaci\u00f3n una certeza de que protecci\u00f3n civil est\u00e1 en cualquier lugar, es una cuesti\u00f3n de presencia y de atenci\u00f3n, tambi\u00e9n que vean que hay otra tecnolog\u00eda y que se comienza a escribir otro cap\u00edtulo en materia de protecci\u00f3n civil\u201d.<br \/>Destac\u00f3 que esta unidad es parte del paquete de acciones para el presente a\u00f1o, que incluye la rehabilitaci\u00f3n de las instalaciones, \u201cestas oficinas son propiedad del gobierno, no necesita comprar ni rentar, s\u00f3lo que le den su garra de le\u00f3n para que quede bien, instalar su visualizador de atlas de riesgo, ser\u00eda una inversi\u00f3n que la ciudadan\u00eda jam\u00e1s discutir\u00eda, ni el congreso, ni nadie, porque es protecci\u00f3n civil, no tiene religi\u00f3n, color, preferencia pol\u00edtica, es para todos y es de todos\u201d.<\/p>\n","protected":false},"excerpt":{"rendered":"<p>ESTE A\u00d1O \u00a0\u00a0\u00a0 \u00a0\u00a0 \u00a0\u2022\u00a0\u00a0 \u00a0A efecto de modernizar instalaciones y adquisici\u00f3n de nuevo equipo\u2028\u00a0\u00a0 \u00a0\u2022\u00a0\u00a0 \u00a0Viva la esperanza de conseguir el puesto de mando m\u00f3vil\u2028<\/p>\n","protected":false},"author":93,"featured_media":0,"comment_status":"open","ping_status":"open","sticky":false,"template":"","format":"standard","meta":{"footnotes":""},"categories":[59],"tags":[],"class_list":["post-55676","post","type-post","status-publish","format-standard","hentry","category-general"],"_links":{"self":[{"href":"https:\/\/plazajuarez.mx\/historico\/wp-json\/wp\/v2\/posts\/55676","targetHints":{"allow":["GET"]}}],"collection":[{"href":"https:\/\/plazajuarez.mx\/historico\/wp-json\/wp\/v2\/posts"}],"about":[{"href":"https:\/\/plazajuarez.mx\/historico\/wp-json\/wp\/v2\/types\/post"}],"author":[{"embeddable":true,"href":"https:\/\/plazajuarez.mx\/historico\/wp-json\/wp\/v2\/users\/93"}],"replies":[{"embeddable":true,"href":"https:\/\/plazajuarez.mx\/historico\/wp-json\/wp\/v2\/comments?post=55676"}],"version-history":[{"count":0,"href":"https:\/\/plazajuarez.mx\/historico\/wp-json\/wp\/v2\/posts\/55676\/revisions"}],"wp:attachment":[{"href":"https:\/\/plazajuarez.mx\/historico\/wp-json\/wp\/v2\/media?parent=55676"}],"wp:term":[{"taxonomy":"category","embeddable":true,"href":"https:\/\/plazajuarez.mx\/historico\/wp-json\/wp\/v2\/categories?post=55676"},{"taxonomy":"post_tag","embeddable":true,"href":"https:\/\/plazajuarez.mx\/historico\/wp-json\/wp\/v2\/tags?post=55676"}],"curies":[{"name":"wp","href":"https:\/\/api.w.org\/{rel}","templated":true}]}}