{"id":55675,"date":"2018-01-18T14:27:35","date_gmt":"2018-01-18T14:27:35","guid":{"rendered":"http:\/\/plazajuarez.mx\/index\/index.php\/2018\/01\/18\/cuando-ya-es-imposible-curar-es-nuestro-deber-cuidar-omar-fayad\/"},"modified":"2018-01-18T14:27:35","modified_gmt":"2018-01-18T14:27:35","slug":"cuando-ya-es-imposible-curar-es-nuestro-deber-cuidar-omar-fayad","status":"publish","type":"post","link":"https:\/\/plazajuarez.mx\/historico\/cuando-ya-es-imposible-curar-es-nuestro-deber-cuidar-omar-fayad\/","title":{"rendered":"Cuando ya es imposible curar, es nuestro deber, cuidar: Omar Fayad"},"content":{"rendered":"<p>\u00a0\u00a0\u00a0 \u25aa\u00a0\u00a0 \u00a0El gobernador inaugur\u00f3 la primera Sala de Cuidados Paliativos Pedi\u00e1tricos del Estado de Hidalgo\u2028<br \/>\u00a0\u00a0 \u00a0\u2022\u00a0\u00a0 \u00a0En materia de salud, esta administraci\u00f3n hace historia al poner a disposici\u00f3n un espacio equipado para atender las necesidades de este sector\u2028<\/p>\n<p>  <!--more-->  <\/p>\n<p>\u201cMitigar su dolor y con ello, en la medida de lo posible, mejorar la calidad de vida de nuestras ni\u00f1as, ni\u00f1os y adolescentes con enfermedades terminales, as\u00ed como la de sus seres queridos que los cuidan, es una de las prioridades que desde mi administraci\u00f3n se atiende en materia de salud\u201d, afirm\u00f3 Omar Fayad.<\/p>\n<p>Al inaugurar la Primera Sala de Cuidados Paliativos Pedi\u00e1tricos del Estado de Hidalgo, en las instalaciones del Hospital del Ni\u00f1o DIFH, el mandatario, acompa\u00f1ado de la presidenta del patronato de este sistema, Victoria Ruffo, subray\u00f3 la importancia de atender de manera integral, pero sobre todo humana y con servicios de calidad, a los menores que son pacientes con enfermedades cr\u00f3nico-degenerativas o en etapa terminal.<\/p>\n<p>La presidenta, afirm\u00f3 que desde el Sistema DIFH, se impulsa la prevenci\u00f3n a trav\u00e9s de la identificaci\u00f3n temprana, evaluaciones y tratamientos, no obstante, los cuidados paliativos pedi\u00e1tricos son una especialidad muy sensible, \u201cya que cuando la ciencia m\u00e9dica ha hecho lo humanamente posible, debemos garantizar que nuestros ni\u00f1os no sientan dolor, que no sufran\u201d.<\/p>\n<p>Por ello, \u201cHaremos que sus seres amados tengan la mejor calidad de vida hasta el \u00faltimo momento\u201d insisti\u00f3 la presidenta, ya que durante estas etapas, resulta esencial acceder a la mejor atenci\u00f3n m\u00e9dica especializada, que pueda acompa\u00f1ar a los pacientes y a sus familiares desde el diagn\u00f3stico y a lo largo de la enfermedad.<\/p>\n<p>\u201cEs por ello, que contar con una sala de este tipo, y con el personal capacitado para ello era m\u00e1s que necesario; para que nuestra ni\u00f1ez y sus familias que viven situaciones tan dif\u00edciles, sean atendidos con el objetivo de mitigar los s\u00edntomas f\u00edsicos, psicol\u00f3gicos y emocionales que enfrentan\u201d \u00a0se\u00f1al\u00f3 el gobernador Omar Fayad. <\/p>\n<p>Los cuidados paliativos, se explic\u00f3, no tratan bajo ninguna circunstancia, de acelerar o retrasar el deceso de la persona, sino controlar el dolor f\u00edsico y psicol\u00f3gico que padecen los pacientes y sus acompa\u00f1antes.<\/p>\n<p>&#8220;Cuando ya es imposible curar es nuestra obligaci\u00f3n, como autoridades, padres de familia y responsables de los servicios de salud p\u00fablicos, cuidar a nuestros ni\u00f1os; no olvidemos que todos somos pacientes&#8221;, manifest\u00f3 categ\u00f3rico.<\/p>\n<p>El mandatario asegur\u00f3 que desde su administraci\u00f3n se trabajar\u00e1 y se har\u00e1 el mayor de los esfuerzos para acercar estos servicios a los habitantes de las diferentes regiones del estado, y por eso a nombre de todos los hidalguenses agradeci\u00f3 a la familia Bay\u00f3n Barrera, de origen mexicano, y que radica en el vecino pa\u00eds del norte, por la donaci\u00f3n del equipo para la sala que ayer se inaugur\u00f3.<\/p>\n","protected":false},"excerpt":{"rendered":"<p>\u00a0\u00a0\u00a0 \u25aa\u00a0\u00a0 \u00a0El gobernador inaugur\u00f3 la primera Sala de Cuidados Paliativos Pedi\u00e1tricos del Estado de Hidalgo\u2028\u00a0\u00a0 \u00a0\u2022\u00a0\u00a0 \u00a0En materia de salud, esta administraci\u00f3n hace historia al poner a disposici\u00f3n un espacio equipado para atender las necesidades de este sector\u2028<\/p>\n","protected":false},"author":93,"featured_media":0,"comment_status":"open","ping_status":"open","sticky":false,"template":"","format":"standard","meta":{"footnotes":""},"categories":[59],"tags":[],"class_list":["post-55675","post","type-post","status-publish","format-standard","hentry","category-general"],"_links":{"self":[{"href":"https:\/\/plazajuarez.mx\/historico\/wp-json\/wp\/v2\/posts\/55675","targetHints":{"allow":["GET"]}}],"collection":[{"href":"https:\/\/plazajuarez.mx\/historico\/wp-json\/wp\/v2\/posts"}],"about":[{"href":"https:\/\/plazajuarez.mx\/historico\/wp-json\/wp\/v2\/types\/post"}],"author":[{"embeddable":true,"href":"https:\/\/plazajuarez.mx\/historico\/wp-json\/wp\/v2\/users\/93"}],"replies":[{"embeddable":true,"href":"https:\/\/plazajuarez.mx\/historico\/wp-json\/wp\/v2\/comments?post=55675"}],"version-history":[{"count":0,"href":"https:\/\/plazajuarez.mx\/historico\/wp-json\/wp\/v2\/posts\/55675\/revisions"}],"wp:attachment":[{"href":"https:\/\/plazajuarez.mx\/historico\/wp-json\/wp\/v2\/media?parent=55675"}],"wp:term":[{"taxonomy":"category","embeddable":true,"href":"https:\/\/plazajuarez.mx\/historico\/wp-json\/wp\/v2\/categories?post=55675"},{"taxonomy":"post_tag","embeddable":true,"href":"https:\/\/plazajuarez.mx\/historico\/wp-json\/wp\/v2\/tags?post=55675"}],"curies":[{"name":"wp","href":"https:\/\/api.w.org\/{rel}","templated":true}]}}