{"id":55674,"date":"2018-01-18T14:27:34","date_gmt":"2018-01-18T14:27:34","guid":{"rendered":"http:\/\/plazajuarez.mx\/index\/index.php\/2018\/01\/18\/paraisos-indigenas-recibe-el-premio-al-mejor-producto-de-turismo\/"},"modified":"2018-01-18T14:27:34","modified_gmt":"2018-01-18T14:27:34","slug":"paraisos-indigenas-recibe-el-premio-al-mejor-producto-de-turismo","status":"publish","type":"post","link":"https:\/\/plazajuarez.mx\/historico\/paraisos-indigenas-recibe-el-premio-al-mejor-producto-de-turismo\/","title":{"rendered":"\u2018\u2018Para\u00edsos Ind\u00edgenas\u2019\u2019 recibe el Premio al Mejor Producto de Turismo"},"content":{"rendered":"<p>FERIA INTERNACIONAL DE TURISMO EN MADRID, ESPA\u00d1A\u00a0 <br \/>\u00a0\u00a0 \u00a0\u2022\u00a0\u00a0 \u00a0El galard\u00f3n reconoce el trabajo conjunto de la CDI \u00a0y de los grupos de turismo de comunidades originarias de nuestro pa\u00eds\u2028<\/p>\n<p>  <!--more-->  <\/p>\n<p>El sello distintivo \u201cPara\u00edsos Ind\u00edgenas\u201d, creado por la Comisi\u00f3n Nacional para el Desarrollo de los Pueblos Ind\u00edgenas (CDI) bajo la direcci\u00f3n de Nuvia Mayorga Delgado, obtuvo el Premio al Mejor Producto de Turismo Activo, entregado en la Feria Internacional de Turismo, el m\u00e1ximo evento de turismo a nivel mundial.<\/p>\n<p>El sello Para\u00edsos Ind\u00edgenas re\u00fane a los diversos destinos tur\u00edsticos con gran valor natural, cultural e hist\u00f3rico en M\u00e9xico. Estos destinos tur\u00edsticos generan una experiencia que deja huella, al mismo tiempo, fomentan la actitud y compromiso solidario para hacer visibles a los pueblos ind\u00edgenas; adem\u00e1s de respetar, disfrutar y participar en la conservaci\u00f3n de la naturaleza y la herencia cultural de las comunidades originarias. <\/p>\n<p>Con este reconocimiento tambi\u00e9n se apoya a 7 mil 547 ind\u00edgenas, beneficiarios de 105 sitios tur\u00edsticos impulsados por la CDI en 15 entidades de la Rep\u00fablica Mexicana, en las cuales se encuentran los Para\u00edsos ind\u00edgenas.<\/p>\n<p>Este Premio representa la consolidaci\u00f3n de los esfuerzos de colaboraci\u00f3n transversal con organismos y dependencias de la Administraci\u00f3n P\u00fablica Federal (SECTUR, CPTM, FONATUR, SEMARNAT), bajo el liderazgo de la CDI, para fortalecer el producto tur\u00edstico que ofrecen las comunidades ind\u00edgenas de M\u00e9xico.<\/p>\n<p>En el marco del Convenio Cooperativo entre la CDI y el Consejo de Promoci\u00f3n Tur\u00edstica de M\u00e9xico y a partir de las facilidades otorgadas por dicha instituci\u00f3n, se atendi\u00f3 la convocatoria publicada por el Comit\u00e9 Organizador del FITUR, en conjunto con la Revista Aire Libre para postular a Para\u00edsos Ind\u00edgenas para obtener el premio al mejor producto de turismo activo en su categor\u00eda internacional en el marco de la Feria Internacional de Turismo (FITUR), a celebrarse del 17 al 21 de enero del 2018, en Madrid Espa\u00f1a.<\/p>\n","protected":false},"excerpt":{"rendered":"<p>FERIA INTERNACIONAL DE TURISMO EN MADRID, ESPA\u00d1A\u00a0 \u00a0\u00a0 \u00a0\u2022\u00a0\u00a0 \u00a0El galard\u00f3n reconoce el trabajo conjunto de la CDI \u00a0y de los grupos de turismo de comunidades originarias de nuestro pa\u00eds\u2028<\/p>\n","protected":false},"author":93,"featured_media":0,"comment_status":"open","ping_status":"open","sticky":false,"template":"","format":"standard","meta":{"footnotes":""},"categories":[59],"tags":[],"class_list":["post-55674","post","type-post","status-publish","format-standard","hentry","category-general"],"_links":{"self":[{"href":"https:\/\/plazajuarez.mx\/historico\/wp-json\/wp\/v2\/posts\/55674","targetHints":{"allow":["GET"]}}],"collection":[{"href":"https:\/\/plazajuarez.mx\/historico\/wp-json\/wp\/v2\/posts"}],"about":[{"href":"https:\/\/plazajuarez.mx\/historico\/wp-json\/wp\/v2\/types\/post"}],"author":[{"embeddable":true,"href":"https:\/\/plazajuarez.mx\/historico\/wp-json\/wp\/v2\/users\/93"}],"replies":[{"embeddable":true,"href":"https:\/\/plazajuarez.mx\/historico\/wp-json\/wp\/v2\/comments?post=55674"}],"version-history":[{"count":0,"href":"https:\/\/plazajuarez.mx\/historico\/wp-json\/wp\/v2\/posts\/55674\/revisions"}],"wp:attachment":[{"href":"https:\/\/plazajuarez.mx\/historico\/wp-json\/wp\/v2\/media?parent=55674"}],"wp:term":[{"taxonomy":"category","embeddable":true,"href":"https:\/\/plazajuarez.mx\/historico\/wp-json\/wp\/v2\/categories?post=55674"},{"taxonomy":"post_tag","embeddable":true,"href":"https:\/\/plazajuarez.mx\/historico\/wp-json\/wp\/v2\/tags?post=55674"}],"curies":[{"name":"wp","href":"https:\/\/api.w.org\/{rel}","templated":true}]}}